{"id":13991,"date":"2025-02-10T15:00:32","date_gmt":"2025-02-10T15:00:32","guid":{"rendered":"https:\/\/ladepeche.mr\/?p=13991"},"modified":"2025-02-10T13:16:48","modified_gmt":"2025-02-10T13:16:48","slug":"cooperation-bilaterale-renforcee-entre-le-gabon-et-la-mauritanie-dans-le-secteur-de-la-peche","status":"publish","type":"post","link":"https:\/\/ladepeche.mr\/?p=13991","title":{"rendered":"Coop\u00e9ration bilat\u00e9rale renforc\u00e9e entre le Gabon et la Mauritanie dans le secteur de la p\u00eache"},"content":{"rendered":"<p><strong>Pr\u00e9sente \u00e0 la 7\u00e8me \u00e9dition du Salon International Halieutis, qui se d\u00e9roule du 05 au 09 f\u00e9vrier 2025 \u00e0 Agadir au Maroc<\/strong>,\u00a0<strong>la Ministre de la P\u00eache et de la Mer du Gabon, Syrielle Zora Kassa, a r\u00e9cemment rencontr\u00e9 son homologue mauritanien, \u00a0El Vadil Sidaty Ahmed Louly, \u00a0pour renforcer la coop\u00e9ration bilat\u00e9rale entre les deux pays dans le domaine de la p\u00eache. \u00a0<\/strong><\/p>\n<p>La rencontre fructueuse a permis aux deux ministres d\u2019\u00e9changer sur l\u2019exp\u00e9rience de la Mauritanie en mati\u00e8re de p\u00eache, notamment en ce qui concerne le potentiel de p\u00eache du pays, la gestion des ressources, la commercialisation des produits de la mer et la protection des ressources marines.<\/p>\n<p>Le Ministre de la P\u00eache, des Infrastructures Maritimes et Portuaires de la Mauritanie s\u2019est dit honor\u00e9 de la visite de la Ministre gabonaise et a exprim\u00e9 son espoir de voir une coop\u00e9ration fructueuse se d\u00e9velopper entre les deux pays dans le domaine de la p\u00eache.<\/p>\n<p>Les deux ministres ont soulign\u00e9 l\u2019importance de renforcer la coop\u00e9ration bilat\u00e9rale pour promouvoir une gestion durable des ressources halieutiques et d\u00e9velopper le secteur de la p\u00eache dans les deux pays.<\/p>\n<p>Cette rencontre marque une \u00e9tape importante dans le renforcement de la coop\u00e9ration entre le Gabon et la Mauritanie dans le secteur de la p\u00eache et ouvre de nouvelles perspectives pour un partenariat mutuellement b\u00e9n\u00e9fique.<\/p>\n<blockquote class=\"wp-embedded-content\" data-secret=\"d46WefI8EG\"><p><a href=\"https:\/\/gabonactu.com\/\">Accueil<\/a><\/p><\/blockquote>\n<p><iframe loading=\"lazy\" class=\"wp-embedded-content\" sandbox=\"allow-scripts\" security=\"restricted\" style=\"position: absolute; visibility: hidden;\" title=\"\u00ab\u00a0Accueil\u00a0\u00bb &#8212; \" src=\"https:\/\/gabonactu.com\/embed\/#?secret=hDYkldnmRE#?secret=d46WefI8EG\" data-secret=\"d46WefI8EG\" width=\"500\" height=\"282\" frameborder=\"0\" marginwidth=\"0\" marginheight=\"0\" scrolling=\"no\"><\/iframe><\/p>\n","protected":false},"excerpt":{"rendered":"<p>Pr\u00e9sente \u00e0 la 7\u00e8me \u00e9dition du Salon International Halieutis, qui se d\u00e9roule du 05 au 09 f\u00e9vrier 2025 \u00e0 Agadir au Maroc,\u00a0la Ministre de la P\u00eache et de la Mer du Gabon, Syrielle Zora Kassa, a r\u00e9cemment rencontr\u00e9 son homologue mauritanien, \u00a0El Vadil Sidaty Ahmed Louly, \u00a0pour renforcer la coop\u00e9ration bilat\u00e9rale entre les deux pays &hellip;<\/p>\n","protected":false},"author":2,"featured_media":13992,"comment_status":"open","ping_status":"open","sticky":false,"template":"","format":"standard","meta":{"footnotes":""},"categories":[18,2,29],"tags":[],"class_list":["post-13991","post","type-post","status-publish","format-standard","has-post-thumbnail","hentry","category-actualites","category-economie","category-monde"],"_links":{"self":[{"href":"https:\/\/ladepeche.mr\/index.php?rest_route=\/wp\/v2\/posts\/13991","targetHints":{"allow":["GET"]}}],"collection":[{"href":"https:\/\/ladepeche.mr\/index.php?rest_route=\/wp\/v2\/posts"}],"about":[{"href":"https:\/\/ladepeche.mr\/index.php?rest_route=\/wp\/v2\/types\/post"}],"author":[{"embeddable":true,"href":"https:\/\/ladepeche.mr\/index.php?rest_route=\/wp\/v2\/users\/2"}],"replies":[{"embeddable":true,"href":"https:\/\/ladepeche.mr\/index.php?rest_route=%2Fwp%2Fv2%2Fcomments&post=13991"}],"version-history":[{"count":1,"href":"https:\/\/ladepeche.mr\/index.php?rest_route=\/wp\/v2\/posts\/13991\/revisions"}],"predecessor-version":[{"id":13993,"href":"https:\/\/ladepeche.mr\/index.php?rest_route=\/wp\/v2\/posts\/13991\/revisions\/13993"}],"wp:featuredmedia":[{"embeddable":true,"href":"https:\/\/ladepeche.mr\/index.php?rest_route=\/wp\/v2\/media\/13992"}],"wp:attachment":[{"href":"https:\/\/ladepeche.mr\/index.php?rest_route=%2Fwp%2Fv2%2Fmedia&parent=13991"}],"wp:term":[{"taxonomy":"category","embeddable":true,"href":"https:\/\/ladepeche.mr\/index.php?rest_route=%2Fwp%2Fv2%2Fcategories&post=13991"},{"taxonomy":"post_tag","embeddable":true,"href":"https:\/\/ladepeche.mr\/index.php?rest_route=%2Fwp%2Fv2%2Ftags&post=13991"}],"curies":[{"name":"wp","href":"https:\/\/api.w.org\/{rel}","templated":true}]}}