{"id":13995,"date":"2025-02-10T15:20:21","date_gmt":"2025-02-10T15:20:21","guid":{"rendered":"https:\/\/ladepeche.mr\/?p=13995"},"modified":"2025-02-10T15:20:21","modified_gmt":"2025-02-10T15:20:21","slug":"israel-netanyahu-comparait-devant-la-justice-pour-corruption","status":"publish","type":"post","link":"https:\/\/ladepeche.mr\/?p=13995","title":{"rendered":"Isra\u00ebl : Netanyahu compara\u00eet devant la justice pour corruption"},"content":{"rendered":"<p data-t=\"{&quot;n&quot;:&quot;blueLinks&quot;}\"><strong>Le Premier ministre isra\u00e9lien Benjamin Netanyahu s\u2019est pr\u00e9sent\u00e9 lundi devant le tribunal de Tel Aviv dans le cadre de son proc\u00e8s pour corruption.<\/strong><\/p>\n<div class=\"article-image-slot image-slot-placeholder\" data-doc-id=\"cms\/api\/amp\/image\/AA1yKe0m\">\n<div class=\"article-image-slot\">\n<div class=\"article-image-container polished\" data-t=\"{&quot;n&quot;:&quot;OpenModal&quot;,&quot;t&quot;:13,&quot;b&quot;:8,&quot;c.i&quot;:&quot;AA1yK9ZH&quot;,&quot;c.l&quot;:false,&quot;c.t&quot;:13,&quot;c.v&quot;:&quot;news&quot;,&quot;c.c&quot;:&quot;others&quot;,&quot;c.b&quot;:&quot;Euronews fran\u00e7ais&quot;,&quot;c.bi&quot;:&quot;AA2qy7x&quot;,&quot;c.tv&quot;:&quot;politics&quot;,&quot;c.tc&quot;:&quot;government&quot;,&quot;c.hl&quot;:&quot;Isra\u00ebl : Netanyahu compara\u00eet devant la justice pour corruption&quot;}\" data-test-id=\"AA1yKe0m\">\n<p data-t=\"{&quot;n&quot;:&quot;blueLinks&quot;}\"><strong>Le Premier ministre isra\u00e9lien Benjamin Netanyahu s\u2019est pr\u00e9sent\u00e9 lundi devant le tribunal de Tel Aviv dans le cadre de son proc\u00e8s pour corruption.<\/strong><\/p>\n<p data-t=\"{&quot;n&quot;:&quot;blueLinks&quot;}\">Une premi\u00e8re dans l\u2019histoire d\u2019Isra\u00ebl, o\u00f9 jamais un chef de gouvernement en exercice n\u2019avait \u00e9t\u00e9 jug\u00e9 pour de telles accusations.<\/p>\n<div class=\"intra-article-module\" data-t=\"{&quot;n&quot;:&quot;intraArticle&quot;,&quot;t&quot;:13}\">\n<div class=\"articlePageIntraArticleFullWidth ad-slot-placeholder left-image-intra-ad collapsed\" data-ad-index=\"0\">\n<div class=\"intra-article-ad-full left-image-intra-ad\"><\/div>\n<\/div>\n<\/div>\n<p data-t=\"{&quot;n&quot;:&quot;blueLinks&quot;}\">\u00c0 75 ans, Netanyahu fait face \u00e0 plusieurs chefs d\u2019inculpation, notamment l\u2019acceptation de cadeaux luxueux de la part d\u2019hommes d\u2019affaires influents ainsi que des arrangements avec des magnats des m\u00e9dias en \u00e9change d\u2019une couverture favorable.<\/p>\n<p class=\"continue-read-break\" data-t=\"{&quot;n&quot;:&quot;blueLinks&quot;}\">Des accusations qu\u2019il rejette fermement, d\u00e9non\u00e7ant un acharnement judiciaire visant \u00e0 mettre fin \u00e0 son long r\u00e8gne.<\/p>\n<p data-t=\"{&quot;n&quot;:&quot;blueLinks&quot;}\">Ce proc\u00e8s intervient alors qu\u2019Isra\u00ebl traverse une p\u00e9riode de turbulences, entre tensions s\u00e9curitaires et crise politique. La r\u00e9putation de Netanyahu et de sa famille, critiqu\u00e9s pour leur train de vie fastueux financ\u00e9 en partie par l\u2019argent public, alimente le d\u00e9bat.<\/p>\n<p data-t=\"{&quot;n&quot;:&quot;blueLinks&quot;}\">En parall\u00e8le, le Premier ministre est sous le coup d\u2019accusations internationales pour crimes de guerre dans le conflit \u00e0 Gaza.<\/p>\n<p data-t=\"{&quot;n&quot;:&quot;blueLinks&quot;}\"><a href=\"https:\/\/www.msn.com\/fr-xl\/actualite\/other\/isra%C3%ABl-netanyahu-compara%C3%AEt-devant-la-justice-pour-corruption\/ar-AA1yK9ZH?ocid=msedgntp&amp;pc=U531&amp;cvid=b851f7901bfb4629d8c2d6833fbf2b23&amp;ei=9\">Isra\u00ebl : Netanyahu compara\u00eet devant la justice pour corruption<\/a><\/p>\n<\/div>\n<\/div>\n<\/div>\n","protected":false},"excerpt":{"rendered":"<p>Le Premier ministre isra\u00e9lien Benjamin Netanyahu s\u2019est pr\u00e9sent\u00e9 lundi devant le tribunal de Tel Aviv dans le cadre de son proc\u00e8s pour corruption. Le Premier ministre isra\u00e9lien Benjamin Netanyahu s\u2019est pr\u00e9sent\u00e9 lundi devant le tribunal de Tel Aviv dans le cadre de son proc\u00e8s pour corruption. Une premi\u00e8re dans l\u2019histoire d\u2019Isra\u00ebl, o\u00f9 jamais un chef &hellip;<\/p>\n","protected":false},"author":2,"featured_media":13996,"comment_status":"open","ping_status":"open","sticky":false,"template":"","format":"standard","meta":{"footnotes":""},"categories":[18,29],"tags":[],"class_list":["post-13995","post","type-post","status-publish","format-standard","has-post-thumbnail","hentry","category-actualites","category-monde"],"_links":{"self":[{"href":"https:\/\/ladepeche.mr\/index.php?rest_route=\/wp\/v2\/posts\/13995","targetHints":{"allow":["GET"]}}],"collection":[{"href":"https:\/\/ladepeche.mr\/index.php?rest_route=\/wp\/v2\/posts"}],"about":[{"href":"https:\/\/ladepeche.mr\/index.php?rest_route=\/wp\/v2\/types\/post"}],"author":[{"embeddable":true,"href":"https:\/\/ladepeche.mr\/index.php?rest_route=\/wp\/v2\/users\/2"}],"replies":[{"embeddable":true,"href":"https:\/\/ladepeche.mr\/index.php?rest_route=%2Fwp%2Fv2%2Fcomments&post=13995"}],"version-history":[{"count":1,"href":"https:\/\/ladepeche.mr\/index.php?rest_route=\/wp\/v2\/posts\/13995\/revisions"}],"predecessor-version":[{"id":13997,"href":"https:\/\/ladepeche.mr\/index.php?rest_route=\/wp\/v2\/posts\/13995\/revisions\/13997"}],"wp:featuredmedia":[{"embeddable":true,"href":"https:\/\/ladepeche.mr\/index.php?rest_route=\/wp\/v2\/media\/13996"}],"wp:attachment":[{"href":"https:\/\/ladepeche.mr\/index.php?rest_route=%2Fwp%2Fv2%2Fmedia&parent=13995"}],"wp:term":[{"taxonomy":"category","embeddable":true,"href":"https:\/\/ladepeche.mr\/index.php?rest_route=%2Fwp%2Fv2%2Fcategories&post=13995"},{"taxonomy":"post_tag","embeddable":true,"href":"https:\/\/ladepeche.mr\/index.php?rest_route=%2Fwp%2Fv2%2Ftags&post=13995"}],"curies":[{"name":"wp","href":"https:\/\/api.w.org\/{rel}","templated":true}]}}