{"id":14002,"date":"2025-02-10T19:36:18","date_gmt":"2025-02-10T19:36:18","guid":{"rendered":"https:\/\/ladepeche.mr\/?p=14002"},"modified":"2025-02-10T19:36:18","modified_gmt":"2025-02-10T19:36:18","slug":"sanction-de-washington-contre-pretoria-cest-du-trump-tout-crache","status":"publish","type":"post","link":"https:\/\/ladepeche.mr\/?p=14002","title":{"rendered":"SANCTION DE WASHINGTON CONTRE PRETORIA : C\u2019est du Trump tout crach\u00e9"},"content":{"rendered":"<p data-t=\"{&quot;n&quot;:&quot;blueLinks&quot;}\">Pr\u00e9textant d\u2019une loi sur l\u2019expropriation qu\u2019il juge discriminatoire contre la minorit\u00e9 blanche en Afrique du Sud, le pr\u00e9sident am\u00e9ricain, Donald Trump, a sign\u00e9, le 7 f\u00e9vrier dernier, un d\u00e9cret gelant toute aide \u00e0 Pretoria. Une d\u00e9cision qui intervient apr\u00e8s une semaine de pression contre les autorit\u00e9s sud-africaines, qui a suscit\u00e9 de vives r\u00e9actions aussi bien dans le pays que dans le reste du monde. Depuis donc la prise de ce d\u00e9cret, les relations entre les deux pays ont pris une autre tournure.<\/p>\n<div class=\"intra-article-module\" data-t=\"{&quot;n&quot;:&quot;intraArticle&quot;,&quot;t&quot;:13}\">\n<div class=\"articlePageIntraArticleFullWidth ad-slot-placeholder left-image-intra-ad collapsed\" data-ad-index=\"0\">\n<div class=\"intra-article-ad-full left-image-intra-ad\"><\/div>\n<\/div>\n<\/div>\n<p class=\"continue-read-break\" data-t=\"{&quot;n&quot;:&quot;blueLinks&quot;}\">En effet, alors que le soutien financier am\u00e9ricain \u00e0 l\u2019Afrique du Sud, est \u00e9valu\u00e9 \u00e0 440 millions de dollars, la d\u00e9cision de Washington, aura, \u00e0 n\u2019en point douter, de graves r\u00e9percussions sur des secteurs comme la sant\u00e9, la recherche ou le d\u00e9veloppement agricole. Ces financements se retrouveront \u00e0 l\u2019arr\u00eat. En tout cas, d\u2019aucuns ont vite franchi le pas en y voyant une mesure de repr\u00e9sailles de Donald Trump contre la Nation arc-en-ciel qui s\u2019oppose \u00e0 la politique am\u00e9ricaine du conflit isra\u00e9lo palestinien. En effet, l\u2019actuel dirigeant de la 1<sup>\u00e8re<\/sup>\u00a0puissance au monde, en plus de l\u2019accusation de discrimination envers les Afrikaners, qu\u2019il a port\u00e9e contre le r\u00e9gime de Cyril Ramaphosa, a \u00e9galement relev\u00e9 l\u2019accusation de g\u00e9nocide port\u00e9e par l\u2019Afrique du Sud contre Isra\u00ebl pour sa guerre dans la bande de Gaza. Il l\u2019a indiqu\u00e9 en ces termes :\u00a0<em>\u00ab Les Etats-Unis ne peuvent soutenir le gouvernement sud-africain (\u2026) lorsqu\u2019il sape la politique \u00e9trang\u00e8re des USA \u00bb<\/em>. Pour ne rien arranger, le renforcement des relations entre Pretoria et l\u2019Iran qui n\u2019entretient pas de bons rapports avec les Etats-Unis, n\u2019est pas du go\u00fbt du locataire de la Maison blanche. Et ce n\u2019est pas tout. L\u2019Afrique du sud, on le sait, est membre \u00e0 part enti\u00e8re des BRICS, ce qui ne plait pas non plus du c\u00f4t\u00e9 de Washington. DC.<\/p>\n<div class=\"intra-article-module\" data-t=\"{&quot;n&quot;:&quot;intraArticle&quot;,&quot;t&quot;:13}\">\n<div class=\"articlePageIntraArticleFullWidth ad-slot-placeholder left-image-intra-ad collapsed\" data-ad-index=\"1\">\n<div class=\"intra-article-ad-full left-image-intra-ad\"><\/div>\n<\/div>\n<\/div>\n<p data-t=\"{&quot;n&quot;:&quot;blueLinks&quot;}\">Si depuis un certain temps, les relations entre Washington DC. et Pretoria, ne sont pas au beau fixe, il faut s\u2019attendre \u00e0 ce que la r\u00e9cente d\u00e9cision de Trump envenime davantage la situation. Au point que certains observateurs \u00e9voquent d\u00e9j\u00e0 l\u2019hypoth\u00e8se d\u2019une vraie crise diplomatique entre les deux pays. Peut-il en \u00eatre autrement quand les Am\u00e9ricains affichent clairement leur volont\u00e9 d\u2019attirer aux Etats-Unis, les Sud-africains blancs nantis expropri\u00e9s ? A preuve, le d\u00e9cret \u00e0 pol\u00e9mique, pr\u00e9voit l\u2019octroi du statut de r\u00e9fugi\u00e9s aux Etats-Unis, \u00e0 un groupe de Sud-Africains qui comptent parmi les plus privil\u00e9gi\u00e9s sur le plan \u00e9conomique. Une d\u00e9cision qui pr\u00eate \u00e0 sourire pour Pretoria qui n\u2019a pas manqu\u00e9 de rappeler, non sans ironie, que des personnes vuln\u00e9rables originaires d\u2019autres r\u00e9gions du monde, sont expuls\u00e9es des Etats-Unis et se voient refuser l\u2019asile en d\u00e9pit de r\u00e9elles difficult\u00e9s.<\/p>\n<div class=\"intra-article-module\" data-t=\"{&quot;n&quot;:&quot;intraArticle&quot;,&quot;t&quot;:13}\">\n<div class=\"articlePageIntraArticleFullWidth ad-slot-placeholder left-image-intra-ad collapsed\" data-ad-index=\"2\">\n<div class=\"intra-article-ad-full left-image-intra-ad\"><\/div>\n<\/div>\n<\/div>\n<p data-t=\"{&quot;n&quot;:&quot;blueLinks&quot;}\">Franchement, c\u2019est du Trump tout crach\u00e9 qui, depuis son retour aux affaires, prend des d\u00e9crets \u00e0 controverse, pose des actes qui vont \u00e0 l\u2019encontre des droits humains, et qui s\u2019\u00e9rige en donneur de le\u00e7ons. En tous les cas, il faut saluer le courage des autorit\u00e9s sud-africaines qui ont montr\u00e9 leur d\u00e9termination \u00e0 ne rien c\u00e9der. Toutefois, la mesure prise par Donald Trump doit \u00eatre une opportunit\u00e9 pour l\u2019Afrique du sud, de s\u2019assurer.<\/p>\n<p data-t=\"{&quot;n&quot;:&quot;blueLinks&quot;}\"><strong>Edo\u00e9 MENSAH-DOMKPIN <\/strong><\/p>\n<p data-t=\"{&quot;n&quot;:&quot;blueLinks&quot;}\"><strong><a href=\"https:\/\/www.msn.com\/fr-xl\/afrique-de-l-ouest\/other\/sanction-de-washington-contre-pretoria-c-est-du-trump-tout-crach%C3%A9\/ar-AA1yHY9V?ocid=msedgdhp&amp;pc=U531&amp;cvid=f6bcb91d5c7e4e58b43465979e62ecab&amp;ei=38\">SANCTION DE WASHINGTON CONTRE PRETORIA : C\u2019est du Trump tout crach\u00e9<\/a><\/strong><\/p>\n","protected":false},"excerpt":{"rendered":"<p>Pr\u00e9textant d\u2019une loi sur l\u2019expropriation qu\u2019il juge discriminatoire contre la minorit\u00e9 blanche en Afrique du Sud, le pr\u00e9sident am\u00e9ricain, Donald Trump, a sign\u00e9, le 7 f\u00e9vrier dernier, un d\u00e9cret gelant toute aide \u00e0 Pretoria. Une d\u00e9cision qui intervient apr\u00e8s une semaine de pression contre les autorit\u00e9s sud-africaines, qui a suscit\u00e9 de vives r\u00e9actions aussi bien &hellip;<\/p>\n","protected":false},"author":2,"featured_media":13336,"comment_status":"open","ping_status":"open","sticky":false,"template":"","format":"standard","meta":{"footnotes":""},"categories":[18,29],"tags":[],"class_list":["post-14002","post","type-post","status-publish","format-standard","has-post-thumbnail","hentry","category-actualites","category-monde"],"_links":{"self":[{"href":"https:\/\/ladepeche.mr\/index.php?rest_route=\/wp\/v2\/posts\/14002","targetHints":{"allow":["GET"]}}],"collection":[{"href":"https:\/\/ladepeche.mr\/index.php?rest_route=\/wp\/v2\/posts"}],"about":[{"href":"https:\/\/ladepeche.mr\/index.php?rest_route=\/wp\/v2\/types\/post"}],"author":[{"embeddable":true,"href":"https:\/\/ladepeche.mr\/index.php?rest_route=\/wp\/v2\/users\/2"}],"replies":[{"embeddable":true,"href":"https:\/\/ladepeche.mr\/index.php?rest_route=%2Fwp%2Fv2%2Fcomments&post=14002"}],"version-history":[{"count":1,"href":"https:\/\/ladepeche.mr\/index.php?rest_route=\/wp\/v2\/posts\/14002\/revisions"}],"predecessor-version":[{"id":14003,"href":"https:\/\/ladepeche.mr\/index.php?rest_route=\/wp\/v2\/posts\/14002\/revisions\/14003"}],"wp:featuredmedia":[{"embeddable":true,"href":"https:\/\/ladepeche.mr\/index.php?rest_route=\/wp\/v2\/media\/13336"}],"wp:attachment":[{"href":"https:\/\/ladepeche.mr\/index.php?rest_route=%2Fwp%2Fv2%2Fmedia&parent=14002"}],"wp:term":[{"taxonomy":"category","embeddable":true,"href":"https:\/\/ladepeche.mr\/index.php?rest_route=%2Fwp%2Fv2%2Fcategories&post=14002"},{"taxonomy":"post_tag","embeddable":true,"href":"https:\/\/ladepeche.mr\/index.php?rest_route=%2Fwp%2Fv2%2Ftags&post=14002"}],"curies":[{"name":"wp","href":"https:\/\/api.w.org\/{rel}","templated":true}]}}