{"id":14010,"date":"2025-02-11T11:00:47","date_gmt":"2025-02-11T11:00:47","guid":{"rendered":"https:\/\/ladepeche.mr\/?p=14010"},"modified":"2025-02-11T10:17:49","modified_gmt":"2025-02-11T10:17:49","slug":"le-secretaire-general-du-ministere-de-leconomie-et-des-finances-recoit-le-chef-de-mission-de-loim","status":"publish","type":"post","link":"https:\/\/ladepeche.mr\/?p=14010","title":{"rendered":"Le secr\u00e9taire g\u00e9n\u00e9ral du Minist\u00e8re de l&#8217;\u00c9conomie et des Finances re\u00e7oit le chef de mission de l&#8217;OIM"},"content":{"rendered":"<p>Le secr\u00e9taire g\u00e9n\u00e9ral du Minist\u00e8re de l&#8217;\u00c9conomie et des Finances, M. Yacoub Ould Ahmed A\u00efcha, a re\u00e7u ce lundi dans son bureau, M. Idrissa Sompar\u00e9, chef de mission de l&#8217;Organisation internationale pour les migrations (OIM).<\/p>\n<p>Au cours de la rencontre, les diff\u00e9rentes aspects de la coop\u00e9ration existante entre notre pays et l&#8217;OIM ont \u00e9t\u00e9 pass\u00e9es en revue, en particulier les programmes relatifs \u00e0 la migration.<br \/>\nLes deux parties ont \u00e9galement examin\u00e9 les d\u00e9fis et les opportunit\u00e9s li\u00e9s au lancement de nouveaux programmes.<\/p>\n<p>La r\u00e9union s&#8217;est d\u00e9roul\u00e9e en pr\u00e9sence du directeur g\u00e9n\u00e9ral adjoint des Politiques et Strat\u00e9gies de D\u00e9veloppement, ainsi que de certains cadres du D\u00e9partement.<\/p>\n","protected":false},"excerpt":{"rendered":"<p>Le secr\u00e9taire g\u00e9n\u00e9ral du Minist\u00e8re de l&#8217;\u00c9conomie et des Finances, M. Yacoub Ould Ahmed A\u00efcha, a re\u00e7u ce lundi dans son bureau, M. Idrissa Sompar\u00e9, chef de mission de l&#8217;Organisation internationale pour les migrations (OIM). Au cours de la rencontre, les diff\u00e9rentes aspects de la coop\u00e9ration existante entre notre pays et l&#8217;OIM ont \u00e9t\u00e9 pass\u00e9es &hellip;<\/p>\n","protected":false},"author":2,"featured_media":14011,"comment_status":"open","ping_status":"open","sticky":false,"template":"","format":"standard","meta":{"footnotes":""},"categories":[18,2],"tags":[],"class_list":["post-14010","post","type-post","status-publish","format-standard","has-post-thumbnail","hentry","category-actualites","category-economie"],"_links":{"self":[{"href":"https:\/\/ladepeche.mr\/index.php?rest_route=\/wp\/v2\/posts\/14010","targetHints":{"allow":["GET"]}}],"collection":[{"href":"https:\/\/ladepeche.mr\/index.php?rest_route=\/wp\/v2\/posts"}],"about":[{"href":"https:\/\/ladepeche.mr\/index.php?rest_route=\/wp\/v2\/types\/post"}],"author":[{"embeddable":true,"href":"https:\/\/ladepeche.mr\/index.php?rest_route=\/wp\/v2\/users\/2"}],"replies":[{"embeddable":true,"href":"https:\/\/ladepeche.mr\/index.php?rest_route=%2Fwp%2Fv2%2Fcomments&post=14010"}],"version-history":[{"count":1,"href":"https:\/\/ladepeche.mr\/index.php?rest_route=\/wp\/v2\/posts\/14010\/revisions"}],"predecessor-version":[{"id":14012,"href":"https:\/\/ladepeche.mr\/index.php?rest_route=\/wp\/v2\/posts\/14010\/revisions\/14012"}],"wp:featuredmedia":[{"embeddable":true,"href":"https:\/\/ladepeche.mr\/index.php?rest_route=\/wp\/v2\/media\/14011"}],"wp:attachment":[{"href":"https:\/\/ladepeche.mr\/index.php?rest_route=%2Fwp%2Fv2%2Fmedia&parent=14010"}],"wp:term":[{"taxonomy":"category","embeddable":true,"href":"https:\/\/ladepeche.mr\/index.php?rest_route=%2Fwp%2Fv2%2Fcategories&post=14010"},{"taxonomy":"post_tag","embeddable":true,"href":"https:\/\/ladepeche.mr\/index.php?rest_route=%2Fwp%2Fv2%2Ftags&post=14010"}],"curies":[{"name":"wp","href":"https:\/\/api.w.org\/{rel}","templated":true}]}}