{"id":14014,"date":"2025-02-11T11:00:16","date_gmt":"2025-02-11T11:00:16","guid":{"rendered":"https:\/\/ladepeche.mr\/?p=14014"},"modified":"2025-02-11T10:30:16","modified_gmt":"2025-02-11T10:30:16","slug":"seisme-de-magnitude-52-ressenti-dans-plusieurs-villes-du-maroc","status":"publish","type":"post","link":"https:\/\/ladepeche.mr\/?p=14014","title":{"rendered":"S\u00e9isme de magnitude 5,2 ressenti dans plusieurs villes du Maroc"},"content":{"rendered":"<p data-t=\"{&quot;n&quot;:&quot;blueLinks&quot;}\">Le directeur de l&#8217;Institut national de g\u00e9ophysique, Nasser Jabour, a affirm\u00e9 qu\u2019un s\u00e9isme d\u2019une magnitude 5,2 sur l\u2019\u00e9chelle de Richter a frapp\u00e9, dans la soir\u00e9e du lundi 10 f\u00e9vrier, une r\u00e9gion proche de la ville de Ksar El K\u00e9bir. Le s\u00e9isme est survenu \u00e0 23H48.<\/p>\n<p data-t=\"{&quot;n&quot;:&quot;blueLinks&quot;}\">Dans une d\u00e9claration \u00e0 SNRTnews M. Jabour a pr\u00e9cis\u00e9 que l&#8217;ampleur de ce tremblement de terre a \u00e9t\u00e9 fortement ressentie par les habitants de plusieurs villes marocaines, particuli\u00e8rement \u00e0 Larache, Chefchaouen, K\u00e9nitra, F\u00e8s et Rabat.<\/p>\n<p data-t=\"{&quot;n&quot;:&quot;blueLinks&quot;}\">Des habitants de Casablanca, de Safi et Marrakech disent \u00e9galement avoir ressenti de faibles secousses.<\/p>\n<p class=\"continue-read-break\" data-t=\"{&quot;n&quot;:&quot;blueLinks&quot;}\">Selon le U.S. Geological Survey, ce s\u00e9isme a \u00e9t\u00e9 enregistr\u00e9 \u00e0 7 km de &#8220;Souk L&#8217;quolla&#8221; pr\u00e8s de Ksar El K\u00e9bir.<\/p>\n<p data-t=\"{&quot;n&quot;:&quot;blueLinks&quot;}\">L&#8217;information a \u00e9galement \u00e9t\u00e9 confirm\u00e9e par le site Earthquake Alert system.<\/p>\n<p data-t=\"{&quot;n&quot;:&quot;blueLinks&quot;}\"><a href=\"https:\/\/www.msn.com\/fr-xl\/afrique-du-nord\/maroc-actualite\/s%C3%A9isme-de-magnitude-5-2-ressenti-dans-plusieurs-villes-du-maroc\/ar-AA1yNRgi?ocid=msedgntp&amp;pc=U531&amp;cvid=0861969ffb754119a0f2b12ab0b468d0&amp;ei=6\">S\u00e9isme de magnitude 5,2 ressenti dans plusieurs villes du Maroc<\/a><\/p>\n","protected":false},"excerpt":{"rendered":"<p>Le directeur de l&#8217;Institut national de g\u00e9ophysique, Nasser Jabour, a affirm\u00e9 qu\u2019un s\u00e9isme d\u2019une magnitude 5,2 sur l\u2019\u00e9chelle de Richter a frapp\u00e9, dans la soir\u00e9e du lundi 10 f\u00e9vrier, une r\u00e9gion proche de la ville de Ksar El K\u00e9bir. Le s\u00e9isme est survenu \u00e0 23H48. Dans une d\u00e9claration \u00e0 SNRTnews M. Jabour a pr\u00e9cis\u00e9 que &hellip;<\/p>\n","protected":false},"author":2,"featured_media":14015,"comment_status":"open","ping_status":"open","sticky":false,"template":"","format":"standard","meta":{"footnotes":""},"categories":[18,29],"tags":[],"class_list":["post-14014","post","type-post","status-publish","format-standard","has-post-thumbnail","hentry","category-actualites","category-monde"],"_links":{"self":[{"href":"https:\/\/ladepeche.mr\/index.php?rest_route=\/wp\/v2\/posts\/14014","targetHints":{"allow":["GET"]}}],"collection":[{"href":"https:\/\/ladepeche.mr\/index.php?rest_route=\/wp\/v2\/posts"}],"about":[{"href":"https:\/\/ladepeche.mr\/index.php?rest_route=\/wp\/v2\/types\/post"}],"author":[{"embeddable":true,"href":"https:\/\/ladepeche.mr\/index.php?rest_route=\/wp\/v2\/users\/2"}],"replies":[{"embeddable":true,"href":"https:\/\/ladepeche.mr\/index.php?rest_route=%2Fwp%2Fv2%2Fcomments&post=14014"}],"version-history":[{"count":1,"href":"https:\/\/ladepeche.mr\/index.php?rest_route=\/wp\/v2\/posts\/14014\/revisions"}],"predecessor-version":[{"id":14016,"href":"https:\/\/ladepeche.mr\/index.php?rest_route=\/wp\/v2\/posts\/14014\/revisions\/14016"}],"wp:featuredmedia":[{"embeddable":true,"href":"https:\/\/ladepeche.mr\/index.php?rest_route=\/wp\/v2\/media\/14015"}],"wp:attachment":[{"href":"https:\/\/ladepeche.mr\/index.php?rest_route=%2Fwp%2Fv2%2Fmedia&parent=14014"}],"wp:term":[{"taxonomy":"category","embeddable":true,"href":"https:\/\/ladepeche.mr\/index.php?rest_route=%2Fwp%2Fv2%2Fcategories&post=14014"},{"taxonomy":"post_tag","embeddable":true,"href":"https:\/\/ladepeche.mr\/index.php?rest_route=%2Fwp%2Fv2%2Ftags&post=14014"}],"curies":[{"name":"wp","href":"https:\/\/api.w.org\/{rel}","templated":true}]}}