{"id":14017,"date":"2025-02-11T12:00:56","date_gmt":"2025-02-11T12:00:56","guid":{"rendered":"https:\/\/ladepeche.mr\/?p=14017"},"modified":"2025-02-11T17:32:28","modified_gmt":"2025-02-11T17:32:28","slug":"abou-obeida-israel-na-pas-respecte-laccord-et-lechange-des-prisonniers-sera-reportee","status":"publish","type":"post","link":"https:\/\/ladepeche.mr\/?p=14017","title":{"rendered":"Abou Obeida : Isra\u00ebl n\u2019a pas respect\u00e9 l\u2019accord et l\u2019\u00e9change des prisonniers sera report\u00e9"},"content":{"rendered":"<p data-t=\"{&quot;n&quot;:&quot;blueLinks&quot;}\">Le porte-parole des Brigades Izz ad-Din al-Qassam, Abou Obeida, a d\u00e9clar\u00e9 que la direction de la r\u00e9sistance a observ\u00e9 les violations de l\u2019ennemi et son manque d\u2019engagement envers les termes de l\u2019accord, alors que la r\u00e9sistance a rempli toutes ses obligations.<\/p>\n<p data-t=\"{&quot;n&quot;:&quot;blueLinks&quot;}\">Abou Obeida a d\u00e9clar\u00e9 que \u00ab l\u2019\u00e9change des otages isra\u00e9liens qui devaient \u00eatre lib\u00e9r\u00e9s samedi sera report\u00e9e jusqu\u2019\u00e0 nouvel ordre, jusqu\u2019\u00e0 ce que l\u2019occupation s\u2019engage et compense les b\u00e9n\u00e9fices des semaines pass\u00e9es et r\u00e9troactivement, et nous soulignons notre engagement \u00e0 respecter les termes de l\u2019accord tant que l\u2019occupation s\u2019engage \u00e0 les respecter\u00bb.<\/p>\n<p data-t=\"{&quot;n&quot;:&quot;blueLinks&quot;}\"><a href=\"https:\/\/www.msn.com\/fr-xl\/afrique-du-nord\/actualite\/abou-obeida-isra%C3%ABl-n-a-pas-respect%C3%A9-l-accord-et-l-%C3%A9change-des-prisonniers-sera-report%C3%A9e\/ar-AA1yNZPy?ocid=msedgntp&amp;pc=U531&amp;cvid=88eb4fc9466748a0bfbde1f20caf7501&amp;ei=10\">Abou Obeida : Isra\u00ebl n\u2019a pas respect\u00e9 l\u2019accord et l\u2019\u00e9change des prisonniers sera report\u00e9e<\/a><\/p>\n","protected":false},"excerpt":{"rendered":"<p>Le porte-parole des Brigades Izz ad-Din al-Qassam, Abou Obeida, a d\u00e9clar\u00e9 que la direction de la r\u00e9sistance a observ\u00e9 les violations de l\u2019ennemi et son manque d\u2019engagement envers les termes de l\u2019accord, alors que la r\u00e9sistance a rempli toutes ses obligations. Abou Obeida a d\u00e9clar\u00e9 que \u00ab l\u2019\u00e9change des otages isra\u00e9liens qui devaient \u00eatre lib\u00e9r\u00e9s &hellip;<\/p>\n","protected":false},"author":2,"featured_media":14018,"comment_status":"open","ping_status":"open","sticky":false,"template":"","format":"standard","meta":{"footnotes":""},"categories":[18,29],"tags":[],"class_list":["post-14017","post","type-post","status-publish","format-standard","has-post-thumbnail","hentry","category-actualites","category-monde"],"_links":{"self":[{"href":"https:\/\/ladepeche.mr\/index.php?rest_route=\/wp\/v2\/posts\/14017","targetHints":{"allow":["GET"]}}],"collection":[{"href":"https:\/\/ladepeche.mr\/index.php?rest_route=\/wp\/v2\/posts"}],"about":[{"href":"https:\/\/ladepeche.mr\/index.php?rest_route=\/wp\/v2\/types\/post"}],"author":[{"embeddable":true,"href":"https:\/\/ladepeche.mr\/index.php?rest_route=\/wp\/v2\/users\/2"}],"replies":[{"embeddable":true,"href":"https:\/\/ladepeche.mr\/index.php?rest_route=%2Fwp%2Fv2%2Fcomments&post=14017"}],"version-history":[{"count":2,"href":"https:\/\/ladepeche.mr\/index.php?rest_route=\/wp\/v2\/posts\/14017\/revisions"}],"predecessor-version":[{"id":14037,"href":"https:\/\/ladepeche.mr\/index.php?rest_route=\/wp\/v2\/posts\/14017\/revisions\/14037"}],"wp:featuredmedia":[{"embeddable":true,"href":"https:\/\/ladepeche.mr\/index.php?rest_route=\/wp\/v2\/media\/14018"}],"wp:attachment":[{"href":"https:\/\/ladepeche.mr\/index.php?rest_route=%2Fwp%2Fv2%2Fmedia&parent=14017"}],"wp:term":[{"taxonomy":"category","embeddable":true,"href":"https:\/\/ladepeche.mr\/index.php?rest_route=%2Fwp%2Fv2%2Fcategories&post=14017"},{"taxonomy":"post_tag","embeddable":true,"href":"https:\/\/ladepeche.mr\/index.php?rest_route=%2Fwp%2Fv2%2Ftags&post=14017"}],"curies":[{"name":"wp","href":"https:\/\/api.w.org\/{rel}","templated":true}]}}