{"id":1402,"date":"2022-08-05T22:02:54","date_gmt":"2022-08-05T22:02:54","guid":{"rendered":"https:\/\/ladepeche.mr\/?p=1402"},"modified":"2022-08-05T22:02:54","modified_gmt":"2022-08-05T22:02:54","slug":"mali-lonu-confirme-limplication-de-larmee-malienne-et-de-soldats-blancs-dans-la-mort-de-33-civils-en-mars","status":"publish","type":"post","link":"https:\/\/ladepeche.mr\/?p=1402","title":{"rendered":"Mali : l&#8217;ONU confirme l&#8217;implication de l&#8217;arm\u00e9e malienne et de &#8220;soldats blancs&#8221; dans la mort de 33 civils en mars"},"content":{"rendered":"<p>&nbsp;<\/p>\n<p>Alors qu&#8217;un diplomate \u00e0 New York a \u00e9voqu\u00e9 l&#8217;implication de mercenaires du\u00a0groupe paramilitaire russe Wagner dans ce massacre\u00a0le 5 mars, le Mali r\u00e9fute la pr\u00e9sence de ces mercenaires et \u00e9voque\u00a0la pr\u00e9sence d'&#8221;instructeurs&#8221;.<\/p>\n<p>L&#8217;ONU accuse. L\u2019ar malienne et des <em>&#8220;soldats blancs&#8221;<\/em> sont impliqu\u00e9s dans la mort d\u00e9but mars au <a class=\"ftvi-click--binded\" href=\"https:\/\/www.francetvinfo.fr\/monde\/afrique\/mali\/\" data-click-value=\"content::link-in-content::article::\/monde\/afrique\/mali\/\">Mali<\/a>, pr\u00e8s de\u00a0la fronti\u00e8re avec la Mauritanie, de 33\u00a0civils, dont 29 Mauritaniens et 4 Maliens, selon un rapport d&#8217;experts missionn\u00e9s par les Nations unies consult\u00e9 vendredi 5\u00a0ao\u00fbt par l&#8217;AFP. Un\u00a0diplomate \u00e0 New York\u00a0cit\u00e9 par\u00a0l&#8217;AFP affirme que ces <em>&#8220;soldats blancs&#8221; <\/em>sont des\u00a0\u00e9l\u00e9ments du <a class=\"ftvi-click--binded\" href=\"https:\/\/www.francetvinfo.fr\/monde\/afrique\/politique-africaine\/cinq-choses-a-savoir-sur-le-groupe-paramilitaire-russe-wagner-et-ses-missions-opaques-en-afrique_4774637.html\" data-click-value=\"content::link-in-content::article::\/monde\/afrique\/politique-africaine\/cinq-choses-a-savoir-sur-le-groupe-paramilitaire-russe-wagner-et-ses-missions-opaques-en-afrique_4774637.html\">groupe paramilitaire russe Wagner<\/a>.<\/p>\n<div class=\"c-body\">\n<p>Le rapport du groupe d&#8217;experts de l&#8217;ONU sur le Mali, transmis fin juillet au Conseil de s\u00e9curit\u00e9 des Nations Unies, dresse un r\u00e9cit macabre de ce massacre. Le 6\u00a0mars, les corps de ces civils avaient \u00e9t\u00e9 retrouv\u00e9s\u00a0ligot\u00e9s, battus et br\u00fbl\u00e9s. La veille, ils auraient \u00e9t\u00e9 arr\u00eat\u00e9s et emmen\u00e9s par\u00a0les\u00a0Fama\u00a0(Forces arm\u00e9es maliennes)\u00a0et des mercenaires russes, selon le rapport de l&#8217;ONU, qui \u00e9voque un <em>&#8220;sch\u00e9ma similaire de pillage et de passage \u00e0 tabac&#8221;<\/em> dans cinq autres localit\u00e9s de la zone entre le 5 et 6 mars, sans mort d&#8217;homme n\u00e9anmoins.<\/p>\n<h2 class=\"subheader\">Le Mali r\u00e9fute la pr\u00e9sence des mercenaires de Wagner<\/h2>\n<p>La disparition de ces civils \u00e0 Robinet El Ataye, dans la r\u00e9gion de S\u00e9gou,\u00a0a fait grand bruit au Mali et en Mauritanie. Nouakchott accusait\u00a0l&#8217;arm\u00e9e malienne d&#8217;<em>&#8220;actes criminels r\u00e9currents&#8221;<\/em> contre des citoyens mauritaniens dans cette r\u00e9gion frontali\u00e8re, alors que Bamako\u00a0assurait\u00a0qu&#8217;aucun \u00e9l\u00e9ment ne pouvait mettre en cause son arm\u00e9e.\u00a0Les deux pays\u00a0ont ouvert une enqu\u00eate conjointe dont les r\u00e9sultats n&#8217;\u00e9taient toujours pas publi\u00e9s d\u00e9but ao\u00fbt.<\/p>\n<p>Si les\u00a0<em>&#8220;soldats blancs&#8221;<\/em>\u00a0mis en cause sont soup\u00e7onn\u00e9s d&#8217;appartenir au groupe Wagner, le Mali\u00a0r\u00e9fute la pr\u00e9sence de ces mercenaires dans la r\u00e9gion. Le pays \u00e9voque\u00a0la pr\u00e9sence d&#8217;<em>&#8220;instructeurs&#8221;<\/em>, tandis que Moscou affirme n&#8217;avoir rien \u00e0 voir avec cette soci\u00e9t\u00e9 pr\u00e9sente au Mali sur une <em>&#8220;base commerciale&#8221;<\/em>.<\/p>\n<\/div>\n<section class=\"social-zone\"><\/section>\n<p>plication de mercenaires du\u00a0groupe paramilitaire russe Wagner dans ce massacre\u00a0le 5 mars, le Mali r\u00e9fute la pr\u00e9sence de ces mercenaires et \u00e9voque\u00a0la pr\u00e9sence d'&#8221;instructeurs&#8221;.<\/p>\n<p>https:\/\/www.francetvinfo.fr\/monde\/afrique\/mali\/mali-l-onu-confirme-l-implication-de-l-armee-malienne-et-de-soldats-blancs-dans-la-mort-de-33-civils-en-mars_5294980.html<\/p>\n<p>&nbsp;<\/p>\n","protected":false},"excerpt":{"rendered":"<p>&nbsp; Alors qu&#8217;un diplomate \u00e0 New York a \u00e9voqu\u00e9 l&#8217;implication de mercenaires du\u00a0groupe paramilitaire russe Wagner dans ce massacre\u00a0le 5 mars, le Mali r\u00e9fute la pr\u00e9sence de ces mercenaires et \u00e9voque\u00a0la pr\u00e9sence d&#8217;&#8221;instructeurs&#8221;. L&#8217;ONU accuse. L\u2019ar malienne et des &#8220;soldats blancs&#8221; sont impliqu\u00e9s dans la mort d\u00e9but mars au Mali, pr\u00e8s de\u00a0la fronti\u00e8re avec la &hellip;<\/p>\n","protected":false},"author":2,"featured_media":1403,"comment_status":"open","ping_status":"open","sticky":false,"template":"","format":"standard","meta":{"footnotes":""},"categories":[18,29,28],"tags":[],"class_list":["post-1402","post","type-post","status-publish","format-standard","has-post-thumbnail","hentry","category-actualites","category-monde","category-sahel"],"_links":{"self":[{"href":"https:\/\/ladepeche.mr\/index.php?rest_route=\/wp\/v2\/posts\/1402","targetHints":{"allow":["GET"]}}],"collection":[{"href":"https:\/\/ladepeche.mr\/index.php?rest_route=\/wp\/v2\/posts"}],"about":[{"href":"https:\/\/ladepeche.mr\/index.php?rest_route=\/wp\/v2\/types\/post"}],"author":[{"embeddable":true,"href":"https:\/\/ladepeche.mr\/index.php?rest_route=\/wp\/v2\/users\/2"}],"replies":[{"embeddable":true,"href":"https:\/\/ladepeche.mr\/index.php?rest_route=%2Fwp%2Fv2%2Fcomments&post=1402"}],"version-history":[{"count":1,"href":"https:\/\/ladepeche.mr\/index.php?rest_route=\/wp\/v2\/posts\/1402\/revisions"}],"predecessor-version":[{"id":1404,"href":"https:\/\/ladepeche.mr\/index.php?rest_route=\/wp\/v2\/posts\/1402\/revisions\/1404"}],"wp:featuredmedia":[{"embeddable":true,"href":"https:\/\/ladepeche.mr\/index.php?rest_route=\/wp\/v2\/media\/1403"}],"wp:attachment":[{"href":"https:\/\/ladepeche.mr\/index.php?rest_route=%2Fwp%2Fv2%2Fmedia&parent=1402"}],"wp:term":[{"taxonomy":"category","embeddable":true,"href":"https:\/\/ladepeche.mr\/index.php?rest_route=%2Fwp%2Fv2%2Fcategories&post=1402"},{"taxonomy":"post_tag","embeddable":true,"href":"https:\/\/ladepeche.mr\/index.php?rest_route=%2Fwp%2Fv2%2Ftags&post=1402"}],"curies":[{"name":"wp","href":"https:\/\/api.w.org\/{rel}","templated":true}]}}