{"id":14034,"date":"2025-02-11T17:27:37","date_gmt":"2025-02-11T17:27:37","guid":{"rendered":"https:\/\/ladepeche.mr\/?p=14034"},"modified":"2025-02-11T17:29:39","modified_gmt":"2025-02-11T17:29:39","slug":"levee-de-bouclier-americain-contre-les-decrets-illegaux-de-trump","status":"publish","type":"post","link":"https:\/\/ladepeche.mr\/?p=14034","title":{"rendered":"Lev\u00e9e de bouclier am\u00e9ricain contre les d\u00e9crets &#8220;ill\u00e9gaux&#8221; de Trump"},"content":{"rendered":"<p><strong>L&#8217;American Bar Association (ABA), un organisme juridique de premier plan aux \u00c9tats-Unis, a exprim\u00e9 un profond malaise \u00e0 l&#8217;\u00e9gard de plusieurs mesures prises r\u00e9cemment par l&#8217;ancien pr\u00e9sident Donald Trump, sugg\u00e9rant que bon nombre de ces mesures pourraient \u00eatre prises en dehors des limites de la loi.\u00a0<\/strong><\/p>\n<p data-t=\"{&quot;n&quot;:&quot;blueLinks&quot;}\">Dans une d\u00e9claration frappante, l&#8217;ABA a appel\u00e9 &#8220;tous les avocats \u00e0 se joindre \u00e0 nous et \u00e0 insister pour que notre gouvernement, un gouvernement du peuple, suive la loi&#8221;.<\/p>\n<p class=\"continue-read-break\" data-t=\"{&quot;n&quot;:&quot;blueLinks&quot;}\">Les observateurs ont not\u00e9 une s\u00e9rie de directives \u00e9mises au cours des quinze derniers jours qui semblent aller \u00e0 l&#8217;encontre de la l\u00e9gislation am\u00e9ricaine. Le sentiment est de plus en plus r\u00e9pandu que les \u00e9v\u00e9nements se d\u00e9roulent \u00e0 un rythme alarmant, sans que les proc\u00e9dures n\u00e9cessaires soient respect\u00e9es. Les critiques ont notamment point\u00e9 du doigt les coupes budg\u00e9taires n\u00e9cessitant l&#8217;approbation du Congr\u00e8s et qui sont mises en \u0153uvre sans consultation appropri\u00e9e.<\/p>\n<p data-t=\"{&quot;n&quot;:&quot;blueLinks&quot;}\">Dans sa d\u00e9claration, l&#8217;ABA fait \u00e9tat &#8220;d&#8217;agressions g\u00e9n\u00e9ralis\u00e9es contre l&#8217;\u00c9tat de droit lui-m\u00eame&#8221;. Parmi les questions soulev\u00e9es figurent &#8220;les attaques contre la citoyennet\u00e9 de naissance prot\u00e9g\u00e9e par la Constitution, le d\u00e9mant\u00e8lement de l&#8217;USAID et les tentatives de criminaliser ceux qui soutiennent des initiatives l\u00e9gales visant \u00e0 \u00e9liminer les pr\u00e9jug\u00e9s et \u00e0 promouvoir la diversit\u00e9&#8221;.<\/p>\n<p data-t=\"{&quot;n&quot;:&quot;blueLinks&quot;}\">L&#8217;American Bar Association, fond\u00e9e en 1878, est une organisation b\u00e9n\u00e9vole qui compte pr\u00e8s de 200 000 membres aux \u00c9tats-Unis.<\/p>\n<p data-t=\"{&quot;n&quot;:&quot;blueLinks&quot;}\"><a href=\"https:\/\/www.msn.com\/fr-xl\/actualite\/other\/lev%C3%A9e-de-bouclier-am%C3%A9ricain-contre-les-d%C3%A9crets-ill%C3%A9gaux-de-trump\/ar-AA1yOXux?ocid=msedgntp&amp;pc=U531&amp;cvid=f1b73c9e5ff44755a8889663065dc53e&amp;ei=15\">Lev\u00e9e de bouclier am\u00e9ricain contre les d\u00e9crets &#8220;ill\u00e9gaux&#8221; de Trump<\/a>.<\/p>\n","protected":false},"excerpt":{"rendered":"<p>L&#8217;American Bar Association (ABA), un organisme juridique de premier plan aux \u00c9tats-Unis, a exprim\u00e9 un profond malaise \u00e0 l&#8217;\u00e9gard de plusieurs mesures prises r\u00e9cemment par l&#8217;ancien pr\u00e9sident Donald Trump, sugg\u00e9rant que bon nombre de ces mesures pourraient \u00eatre prises en dehors des limites de la loi.\u00a0 Dans une d\u00e9claration frappante, l&#8217;ABA a appel\u00e9 &#8220;tous les &hellip;<\/p>\n","protected":false},"author":2,"featured_media":14036,"comment_status":"open","ping_status":"open","sticky":false,"template":"","format":"standard","meta":{"footnotes":""},"categories":[18,29],"tags":[],"class_list":["post-14034","post","type-post","status-publish","format-standard","has-post-thumbnail","hentry","category-actualites","category-monde"],"_links":{"self":[{"href":"https:\/\/ladepeche.mr\/index.php?rest_route=\/wp\/v2\/posts\/14034","targetHints":{"allow":["GET"]}}],"collection":[{"href":"https:\/\/ladepeche.mr\/index.php?rest_route=\/wp\/v2\/posts"}],"about":[{"href":"https:\/\/ladepeche.mr\/index.php?rest_route=\/wp\/v2\/types\/post"}],"author":[{"embeddable":true,"href":"https:\/\/ladepeche.mr\/index.php?rest_route=\/wp\/v2\/users\/2"}],"replies":[{"embeddable":true,"href":"https:\/\/ladepeche.mr\/index.php?rest_route=%2Fwp%2Fv2%2Fcomments&post=14034"}],"version-history":[{"count":1,"href":"https:\/\/ladepeche.mr\/index.php?rest_route=\/wp\/v2\/posts\/14034\/revisions"}],"predecessor-version":[{"id":14035,"href":"https:\/\/ladepeche.mr\/index.php?rest_route=\/wp\/v2\/posts\/14034\/revisions\/14035"}],"wp:featuredmedia":[{"embeddable":true,"href":"https:\/\/ladepeche.mr\/index.php?rest_route=\/wp\/v2\/media\/14036"}],"wp:attachment":[{"href":"https:\/\/ladepeche.mr\/index.php?rest_route=%2Fwp%2Fv2%2Fmedia&parent=14034"}],"wp:term":[{"taxonomy":"category","embeddable":true,"href":"https:\/\/ladepeche.mr\/index.php?rest_route=%2Fwp%2Fv2%2Fcategories&post=14034"},{"taxonomy":"post_tag","embeddable":true,"href":"https:\/\/ladepeche.mr\/index.php?rest_route=%2Fwp%2Fv2%2Ftags&post=14034"}],"curies":[{"name":"wp","href":"https:\/\/api.w.org\/{rel}","templated":true}]}}