{"id":14043,"date":"2025-02-11T19:30:42","date_gmt":"2025-02-11T19:30:42","guid":{"rendered":"https:\/\/ladepeche.mr\/?p=14043"},"modified":"2025-02-11T18:26:04","modified_gmt":"2025-02-11T18:26:04","slug":"apercu-du-plan-de-reponse-et-de-resilience-pour-les-refugies-maliens-en-mauritanie-2025","status":"publish","type":"post","link":"https:\/\/ladepeche.mr\/?p=14043","title":{"rendered":"Aper\u00e7u du plan de r\u00e9ponse et de r\u00e9silience pour les r\u00e9fugi\u00e9s maliens en Mauritanie 2025"},"content":{"rendered":"<p>La Mauritanie est confront\u00e9e \u00e0 une crise humanitaire r\u00e9sultant de l\u2019afflux de r\u00e9fugi\u00e9s maliens fuyant des conflits arm\u00e9s persistants, exacerb\u00e9e par un contexte socio\u00e9conomique difficile dans la r\u00e9gion du Hodh Chargui. D\u2019ici fin 2025, le pays devrait accueillir environ 318 000 r\u00e9fugi\u00e9s, en plus des 55 000 retourn\u00e9s et des 218 000 membres des communaut\u00e9s d\u2019accueil qui subissent l\u2019impact de cette situation dans la R\u00e9gion du Hodh Chargui essentiellement. Ce d\u00e9placement a des r\u00e9percussions consid\u00e9rables sur les syst\u00e8mes, services et infrastructures nationaux et locaux.<\/p>\n<p>Les sch\u00e9mas de d\u00e9placement sont principalement d\u00e9clench\u00e9s par l\u2019ins\u00e9curit\u00e9 croissante au Mali, entrainant des besoins urgents en mati\u00e8re de protection, d\u2019assistance humanitaire et d\u2019inclusion sociale. Les infrastructures existantes, d\u00e9j\u00e0 limit\u00e9es, peinent \u00e0 r\u00e9pondre aux besoins croissants en mati\u00e8re de sant\u00e9, d\u2019\u00e9ducation et de s\u00e9curit\u00e9 alimentaire. Cette crise perturbe \u00e9galement les mouvements saisonniers du b\u00e9tail entre les deux pays qui est la principale source de revenus des populations des deux c\u00f4t\u00e9s de la fronti\u00e8re. Cette situation entraine une saturation des zones de p\u00e2turage en Mauritanie, car d\u2019importants troupeaux s\u2019installent sans possibilit\u00e9 de transhumance vers le Mali. Ces arriv\u00e9es significatives exercent une forte pression sur les ressources naturelles d\u00e9j\u00e0 fragiles, notamment l\u2019eau, essentielle \u00e0 la fois pour les besoins humains et le b\u00e9tail, dans une r\u00e9gion aride comme le Hodh Chargui. Ce stress accru sur les ressources, combin\u00e9 aux effets du changement climatique et au manque d\u2019acc\u00e8s aux services de base, amplifie les risques de tensions entre les r\u00e9fugi\u00e9s et les communaut\u00e9s d\u2019accueil.<\/p>\n<p>Sur le plan socio\u00e9conomique, la Mauritanie fait face \u00e0 des d\u00e9fis significatifs particuli\u00e8rement dans la R\u00e9gion du Hodh Chargui dont le niveau de pauvret\u00e9 multidimensionnel reste \u00e9lev\u00e9.<\/p>\n<p><a href=\"https:\/\/reliefweb.int\/report\/mauritania\/plan-de-reponse-et-de-resilience-pour-les-refugies-maliens-en-mauritanie-2025\">Plan de R\u00e9ponse et de R\u00e9silience pour les R\u00e9fugi\u00e9s Maliens en Mauritanie 2025 &#8211; Mauritania | ReliefWeb<\/a><\/p>\n","protected":false},"excerpt":{"rendered":"<p>La Mauritanie est confront\u00e9e \u00e0 une crise humanitaire r\u00e9sultant de l\u2019afflux de r\u00e9fugi\u00e9s maliens fuyant des conflits arm\u00e9s persistants, exacerb\u00e9e par un contexte socio\u00e9conomique difficile dans la r\u00e9gion du Hodh Chargui. D\u2019ici fin 2025, le pays devrait accueillir environ 318 000 r\u00e9fugi\u00e9s, en plus des 55 000 retourn\u00e9s et des 218 000 membres des communaut\u00e9s &hellip;<\/p>\n","protected":false},"author":2,"featured_media":14044,"comment_status":"open","ping_status":"open","sticky":false,"template":"","format":"standard","meta":{"footnotes":""},"categories":[18,2,29],"tags":[],"class_list":["post-14043","post","type-post","status-publish","format-standard","has-post-thumbnail","hentry","category-actualites","category-economie","category-monde"],"_links":{"self":[{"href":"https:\/\/ladepeche.mr\/index.php?rest_route=\/wp\/v2\/posts\/14043","targetHints":{"allow":["GET"]}}],"collection":[{"href":"https:\/\/ladepeche.mr\/index.php?rest_route=\/wp\/v2\/posts"}],"about":[{"href":"https:\/\/ladepeche.mr\/index.php?rest_route=\/wp\/v2\/types\/post"}],"author":[{"embeddable":true,"href":"https:\/\/ladepeche.mr\/index.php?rest_route=\/wp\/v2\/users\/2"}],"replies":[{"embeddable":true,"href":"https:\/\/ladepeche.mr\/index.php?rest_route=%2Fwp%2Fv2%2Fcomments&post=14043"}],"version-history":[{"count":1,"href":"https:\/\/ladepeche.mr\/index.php?rest_route=\/wp\/v2\/posts\/14043\/revisions"}],"predecessor-version":[{"id":14045,"href":"https:\/\/ladepeche.mr\/index.php?rest_route=\/wp\/v2\/posts\/14043\/revisions\/14045"}],"wp:featuredmedia":[{"embeddable":true,"href":"https:\/\/ladepeche.mr\/index.php?rest_route=\/wp\/v2\/media\/14044"}],"wp:attachment":[{"href":"https:\/\/ladepeche.mr\/index.php?rest_route=%2Fwp%2Fv2%2Fmedia&parent=14043"}],"wp:term":[{"taxonomy":"category","embeddable":true,"href":"https:\/\/ladepeche.mr\/index.php?rest_route=%2Fwp%2Fv2%2Fcategories&post=14043"},{"taxonomy":"post_tag","embeddable":true,"href":"https:\/\/ladepeche.mr\/index.php?rest_route=%2Fwp%2Fv2%2Ftags&post=14043"}],"curies":[{"name":"wp","href":"https:\/\/api.w.org\/{rel}","templated":true}]}}