{"id":14046,"date":"2025-02-11T19:30:40","date_gmt":"2025-02-11T19:30:40","guid":{"rendered":"https:\/\/ladepeche.mr\/?p=14046"},"modified":"2025-02-11T18:35:11","modified_gmt":"2025-02-11T18:35:11","slug":"sommet-de-paris-declaration-commune-de-61-etats-sur-la-necessite-dune-ia-ethique","status":"publish","type":"post","link":"https:\/\/ladepeche.mr\/?p=14046","title":{"rendered":"Sommet de Paris: d\u00e9claration commune de 61 \u00c9tats sur la n\u00e9cessit\u00e9 d&#8217;une IA \u00ab\u00e9thique\u00bb"},"content":{"rendered":"<p class=\"t-content__chapo\">Le sommet de Paris sur l&#8217;IA a abouti, ce mardi 11 f\u00e9vrier, \u00e0 une position commune entre 61 \u00c9tats participants\u00a0pour s&#8217;accorder sur une IA \u00ab<em>\u00a0ouverte<\/em>\u00a0\u00bb, \u00ab\u00a0<em>inclusive<\/em>\u00a0\u00bb et \u00ab\u00a0<em>\u00e9thique<\/em>\u00a0\u00bb, \u00e0 l&#8217;exception notable des \u00c9tats-Unis et de la Grande-Bretagne. C&#8217;est l&#8217;Inde qui accueillera le prochain sommet international sur l&#8217;intelligence artificielle, a indiqu\u00e9 la pr\u00e9sidence fran\u00e7aise.<\/p>\n<div class=\"t-content__dates t-content__dates--reading-time\">\n<p>Les\u00a0<strong><a class=\"gtm-add-suggested-tag\" href=\"https:\/\/www.rfi.fr\/fr\/tag\/%C3%A9tats-unis\/\" target=\"_self\">\u00c9tats-Unis<\/a><\/strong>\u00a0et le\u00a0<strong><a class=\"gtm-add-suggested-tag\" href=\"https:\/\/www.rfi.fr\/fr\/tag\/royaume-uni\/\" target=\"_self\">Royaume-Uni<\/a><\/strong>\u00a0ne figurent pas parmi les 61 premiers pays signataires de la d\u00e9claration pour une intelligence artificielle (IA) \u00ab<em>\u00a0ouverte<\/em>\u00a0\u00bb, \u00ab\u00a0<em>inclusive<\/em>\u00a0\u00bb et \u00ab\u00a0<em>\u00e9thique<\/em>\u00a0\u00bb publi\u00e9e ce mardi 11 f\u00e9vrier \u00e0 l&#8217;issue du Sommet pour l&#8217;action sur l&#8217;IA \u00e0 Paris.\u00a0Le gouvernement britannique a mis en avant mardi \u00ab<em>\u00a0l&#8217;int\u00e9r\u00eat national\u00a0<\/em>\u00bb pour expliquer son refus de signer la d\u00e9claration finale du sommet, tout en affirmant vouloir \u00ab\u00a0<em>continuer \u00e0 travailler avec la France sur d&#8217;autres initiatives\u00a0<\/em>\u00bb.<\/p>\n<p>Les signataires, qui incluent la Chine, la\u00a0<strong><a class=\"gtm-add-suggested-tag\" href=\"https:\/\/www.rfi.fr\/fr\/tag\/france\/\" target=\"_self\">France<\/a><\/strong>\u00a0et l&#8217;Inde, se sont aussi prononc\u00e9s pour une coordination renforc\u00e9e de la gouvernance de l&#8217;IA n\u00e9cessitant un \u00ab\u00a0<em>dialogue mondial<\/em>\u00a0\u00bb et ont appel\u00e9 \u00e0 \u00e9viter \u00ab<em>\u00a0une concentration du march\u00e9\u00a0<\/em>\u00bb afin que cette technologie soit plus accessible.<\/p>\n<p>Le pr\u00e9sident fran\u00e7ais Emmanuel Macron a insist\u00e9 ce mardi 11 f\u00e9vrier sur le \u00ab<em>\u00a0besoin de r\u00e8gles\u00a0<\/em>\u00bb et d&#8217;un \u00ab\u00a0<em>cadre de confiance<\/em>\u00a0\u00bb pour accompagner le d\u00e9veloppement de l&#8217;intelligence artificielle, quand l&#8217;administration de Donald Trump met en garde contre toute r\u00e9gulation. \u00ab\u00a0<em>Nous avons besoin de ces r\u00e8gles pour que l&#8217;IA avance\u00a0<\/em>\u00bb et \u00ab\u00a0<em>besoin de continuer \u00e0 faire avancer une gouvernance internationale de l&#8217;IA<\/em>\u00a0\u00bb, a-t-il dit en cl\u00f4ture du sommet mondial, avant le point d&#8217;orgue de sa journ\u00e9e\u00a0: un d\u00e9jeuner avec\u00a0<a href=\"https:\/\/www.rfi.fr\/fr\/tag\/j-d-vance\/\" target=\"_self\"><strong>J.D. Vance<\/strong><\/a>\u00a0\u00e0 l&#8217;\u00c9lys\u00e9e.<\/p>\n<p>Lire la suite sur <a href=\"https:\/\/www.rfi.fr\/fr\/france\/20250211-sommet-de-paris-sur-l-ia-d%C3%A9claration-commune-de-61-%C3%A9tats-sur-la-n%C3%A9cessit%C3%A9-d-une-ia-%C3%A9thique?utm_medium=email&amp;utm_campaign=newsletter&amp;utm_source=rfi-nl-internationale-fr&amp;utm_email_send_date=%2020250211&amp;utm_email_recipient=245770&amp;utm_email_link=contenus&amp;_ope=eyJndWlkIjoiOTMwMjIwNGY3ZmZhNzMxODU0NDI3OTA1ZjdiOTc4NGUifQ%3D%3D\">Sommet de Paris: d\u00e9claration commune de 61 \u00c9tats sur la n\u00e9cessit\u00e9 d&#8217;une IA \u00ab\u00e9thique\u00bb<\/a><\/p>\n<\/div>\n","protected":false},"excerpt":{"rendered":"<p>Le sommet de Paris sur l&#8217;IA a abouti, ce mardi 11 f\u00e9vrier, \u00e0 une position commune entre 61 \u00c9tats participants\u00a0pour s&#8217;accorder sur une IA \u00ab\u00a0ouverte\u00a0\u00bb, \u00ab\u00a0inclusive\u00a0\u00bb et \u00ab\u00a0\u00e9thique\u00a0\u00bb, \u00e0 l&#8217;exception notable des \u00c9tats-Unis et de la Grande-Bretagne. C&#8217;est l&#8217;Inde qui accueillera le prochain sommet international sur l&#8217;intelligence artificielle, a indiqu\u00e9 la pr\u00e9sidence fran\u00e7aise. Les\u00a0\u00c9tats-Unis\u00a0et le\u00a0Royaume-Uni\u00a0ne &hellip;<\/p>\n","protected":false},"author":2,"featured_media":14047,"comment_status":"open","ping_status":"open","sticky":false,"template":"","format":"standard","meta":{"footnotes":""},"categories":[18,29],"tags":[],"class_list":["post-14046","post","type-post","status-publish","format-standard","has-post-thumbnail","hentry","category-actualites","category-monde"],"_links":{"self":[{"href":"https:\/\/ladepeche.mr\/index.php?rest_route=\/wp\/v2\/posts\/14046","targetHints":{"allow":["GET"]}}],"collection":[{"href":"https:\/\/ladepeche.mr\/index.php?rest_route=\/wp\/v2\/posts"}],"about":[{"href":"https:\/\/ladepeche.mr\/index.php?rest_route=\/wp\/v2\/types\/post"}],"author":[{"embeddable":true,"href":"https:\/\/ladepeche.mr\/index.php?rest_route=\/wp\/v2\/users\/2"}],"replies":[{"embeddable":true,"href":"https:\/\/ladepeche.mr\/index.php?rest_route=%2Fwp%2Fv2%2Fcomments&post=14046"}],"version-history":[{"count":1,"href":"https:\/\/ladepeche.mr\/index.php?rest_route=\/wp\/v2\/posts\/14046\/revisions"}],"predecessor-version":[{"id":14048,"href":"https:\/\/ladepeche.mr\/index.php?rest_route=\/wp\/v2\/posts\/14046\/revisions\/14048"}],"wp:featuredmedia":[{"embeddable":true,"href":"https:\/\/ladepeche.mr\/index.php?rest_route=\/wp\/v2\/media\/14047"}],"wp:attachment":[{"href":"https:\/\/ladepeche.mr\/index.php?rest_route=%2Fwp%2Fv2%2Fmedia&parent=14046"}],"wp:term":[{"taxonomy":"category","embeddable":true,"href":"https:\/\/ladepeche.mr\/index.php?rest_route=%2Fwp%2Fv2%2Fcategories&post=14046"},{"taxonomy":"post_tag","embeddable":true,"href":"https:\/\/ladepeche.mr\/index.php?rest_route=%2Fwp%2Fv2%2Ftags&post=14046"}],"curies":[{"name":"wp","href":"https:\/\/api.w.org\/{rel}","templated":true}]}}