{"id":14049,"date":"2025-02-12T09:01:02","date_gmt":"2025-02-12T09:01:02","guid":{"rendered":"https:\/\/ladepeche.mr\/?p=14049"},"modified":"2025-02-12T09:01:02","modified_gmt":"2025-02-12T09:01:02","slug":"nouakchott-ouverture-dun-atelier-autour-de-linsertion-socio-economique-des-jeunes","status":"publish","type":"post","link":"https:\/\/ladepeche.mr\/?p=14049","title":{"rendered":"Nouakchott : ouverture d\u2019un atelier autour de l\u2019insertion socio-\u00e9conomique des jeunes"},"content":{"rendered":"<p>D\u00e9marrage, mardi \u00e0 Nouakchott, d\u2019un atelier de lancement de la phase de formation acc\u00e9l\u00e9r\u00e9e pour l\u2019int\u00e9gration sociale et \u00e9conomique des jeunes, organis\u00e9 par le minist\u00e8re de l\u2019Autonomisation de la jeunesse, de l\u2019Emploi, des Sports et de la Fonction publique, en coop\u00e9ration avec le bureau \u2018\u2019New Vision\u2019\u2019 et avec l\u2019appui de l\u2019ambassade des \u00c9tats-Unis \u00e0 Nouakchott.<\/p>\n<p>Dans une allocution prononc\u00e9e \u00e0 cette occasion, le secr\u00e9taire g\u00e9n\u00e9ral du minist\u00e8re de l\u2019Autonomisation de la Jeunesse, de l\u2019Emploi, des Sports et de la Fonction Publique, M. Naji Ould Khatri, a indiqu\u00e9 que cette session de formation s\u2019inscrit dans le cadre du projet pilote \u2018\u2019We Can\u2019\u2019(nous sommes capables) mis en \u0153uvre au profit de 100 jeunes r\u00e9partis sur les 9 moughataas de Nouakchott, ajoutant qu\u2019au cours de cette formation, les participants recevront une formation intensive sur les principes de l\u2019entrepreneuriat, en plus de certaines comp\u00e9tences qui les aideront \u00e0 acc\u00e9der en toute s\u00e9curit\u00e9 \u00e0 la vie active.<\/p>\n<p>Il a soulign\u00e9 que la formation et l\u2019encadrement des jeunes font partie int\u00e9grante des axes les plus importants d\u2019autonomisation dans le cadre de l\u2019approche int\u00e9gr\u00e9e adopt\u00e9e par les autorit\u00e9s mauritaniennes sous les hautes directives de Son Excellence le Pr\u00e9sident de la R\u00e9publique, Monsieur Mohamed Ould Cheikh El Ghazouani.<\/p>\n<p>Ould Khattri a ajout\u00e9 que le minist\u00e8re compte doter les jeunes des capacit\u00e9s et des comp\u00e9tences n\u00e9cessaires pour les int\u00e9grer socialement et \u00e9conomiquement en vue d\u2019en faire des citoyens fid\u00e8les impr\u00e9gn\u00e9s des valeurs de citoyennet\u00e9, de s\u00e9rieux et de sinc\u00e9rit\u00e9 au service du pays.<\/p>\n<p>De son c\u00f4t\u00e9, le charg\u00e9 d\u2019affaires de l\u2019ambassade des \u00c9tats-Unis en Mauritanie, Mr John Ice, a exprim\u00e9 sa gratitude \u00e0 tous les partenaires pour leur soutien et leur engagement ind\u00e9fectibles en faveur de ce projet, soulignant qu\u2019il renforce le secteur priv\u00e9 mauritanien et ouvre des perspectives accrues pour le commerce et l\u2019approvisionnement des march\u00e9s mauritaniens en produits am\u00e9ricains, rendant cette coop\u00e9ration mutuellement r\u00e9ussie, b\u00e9n\u00e9fique \u00e0 la fois pour la Mauritanie et les \u00c9tats-Unis.<\/p>\n<p>Ami<\/p>\n","protected":false},"excerpt":{"rendered":"<p>D\u00e9marrage, mardi \u00e0 Nouakchott, d\u2019un atelier de lancement de la phase de formation acc\u00e9l\u00e9r\u00e9e pour l\u2019int\u00e9gration sociale et \u00e9conomique des jeunes, organis\u00e9 par le minist\u00e8re de l\u2019Autonomisation de la jeunesse, de l\u2019Emploi, des Sports et de la Fonction publique, en coop\u00e9ration avec le bureau \u2018\u2019New Vision\u2019\u2019 et avec l\u2019appui de l\u2019ambassade des \u00c9tats-Unis \u00e0 Nouakchott. &hellip;<\/p>\n","protected":false},"author":2,"featured_media":14050,"comment_status":"open","ping_status":"open","sticky":false,"template":"","format":"standard","meta":{"footnotes":""},"categories":[18],"tags":[],"class_list":["post-14049","post","type-post","status-publish","format-standard","has-post-thumbnail","hentry","category-actualites"],"_links":{"self":[{"href":"https:\/\/ladepeche.mr\/index.php?rest_route=\/wp\/v2\/posts\/14049","targetHints":{"allow":["GET"]}}],"collection":[{"href":"https:\/\/ladepeche.mr\/index.php?rest_route=\/wp\/v2\/posts"}],"about":[{"href":"https:\/\/ladepeche.mr\/index.php?rest_route=\/wp\/v2\/types\/post"}],"author":[{"embeddable":true,"href":"https:\/\/ladepeche.mr\/index.php?rest_route=\/wp\/v2\/users\/2"}],"replies":[{"embeddable":true,"href":"https:\/\/ladepeche.mr\/index.php?rest_route=%2Fwp%2Fv2%2Fcomments&post=14049"}],"version-history":[{"count":1,"href":"https:\/\/ladepeche.mr\/index.php?rest_route=\/wp\/v2\/posts\/14049\/revisions"}],"predecessor-version":[{"id":14051,"href":"https:\/\/ladepeche.mr\/index.php?rest_route=\/wp\/v2\/posts\/14049\/revisions\/14051"}],"wp:featuredmedia":[{"embeddable":true,"href":"https:\/\/ladepeche.mr\/index.php?rest_route=\/wp\/v2\/media\/14050"}],"wp:attachment":[{"href":"https:\/\/ladepeche.mr\/index.php?rest_route=%2Fwp%2Fv2%2Fmedia&parent=14049"}],"wp:term":[{"taxonomy":"category","embeddable":true,"href":"https:\/\/ladepeche.mr\/index.php?rest_route=%2Fwp%2Fv2%2Fcategories&post=14049"},{"taxonomy":"post_tag","embeddable":true,"href":"https:\/\/ladepeche.mr\/index.php?rest_route=%2Fwp%2Fv2%2Ftags&post=14049"}],"curies":[{"name":"wp","href":"https:\/\/api.w.org\/{rel}","templated":true}]}}