{"id":14052,"date":"2025-02-12T09:30:24","date_gmt":"2025-02-12T09:30:24","guid":{"rendered":"https:\/\/ladepeche.mr\/?p=14052"},"modified":"2025-02-12T09:14:17","modified_gmt":"2025-02-12T09:14:17","slug":"lere-de-la-multipolarisation-par-tobias-bunde-et-sophie-eisentraut","status":"publish","type":"post","link":"https:\/\/ladepeche.mr\/?p=14052","title":{"rendered":"L\u2019\u00e8re de la multipolarisation     Par Tobias Bunde et Sophie Eisentraut"},"content":{"rendered":"<p><strong>MUNICH<\/strong> \u2013 Dans les d\u00e9bats actuels sur la politique \u00e9trang\u00e8re, il est d\u00e9sormais commun\u00e9ment admis que le monde entre dans une \u00e8re multipolaire. La question de savoir si cet ordre international \u00e9mergera pleinement reste ouverte, mais le processus de \u00ab\u00a0multipolarisation\u00a0\u00bb est bel et bien en cours, de plus en plus d\u2019\u00c9tats devenant en mesure d\u2019influer sur le cours des \u00e9v\u00e9nements mondiaux.<\/p>\n<p>Un aspect plus inqui\u00e9tant de cette multipolarisation r\u00e9side toutefois en ce que l\u2019actuelle tectonique des puissances s\u2019accompagne d\u2019une polarisation croissante entre les pays et en leur sein. Les visions incompatibles des diff\u00e9rents \u00c9tats concernant le nouvel ordre mondial rendent plus difficile l\u2019\u00e9tablissement de compromis et de solutions face aux d\u00e9fis communs.<\/p>\n<p>Ces divisions s\u2019observent notamment dans les chemins de plus en plus diff\u00e9rents que prennent les d\u00e9mocraties et les autocraties, en particulier dans des domaines politiques tels que les droits de l\u2019homme, les infrastructures mondiales et la coop\u00e9ration aux fins du d\u00e9veloppement. La polarisation est \u00e9galement visible chez les nouveaux acteurs de l\u2019ordre mondial, qui appliquent leur propre vision dans leurs r\u00e9gions respectives. Le Kremlin \u0153uvre par exemple pour un ordre sous conduite russe en Eurasie, de m\u00eame que la Chine, forte de son initiative de nouvelle route de la soie, entend \u00e9tablir son h\u00e9g\u00e9monie en Asie de l\u2019Est. R\u00e8gles, structures et principes mondiaux de coop\u00e9ration c\u00e8dent aujourd\u2019hui la place \u00e0 diff\u00e9rents ordres concurrents et conflictuels.<\/p>\n<p>La polarisation s\u2019accentue \u00e9galement au sein des pays. Aux \u00c9tats-Unis, le retour de Donald Trump \u00e0 la Maison-Blanche illustre parfaitement la vigueur nouvelle des politiques de division, et ne manquera pas de renforcer les mouvements illib\u00e9raux en Europe et ailleurs, o\u00f9 la mentalit\u00e9 du \u00ab\u00a0nous contre eux\u00a0\u00bb gagne du terrain.<\/p>\n<p>Il est fort possible que le passage \u00e0 la multipolarit\u00e9 au niveau mondial ait jou\u00e9 un r\u00f4le dans la polarisation au niveau national. Le d\u00e9placement de la puissance vers les pays \u00e9mergents suscite chez les populations de nombreuses d\u00e9mocraties occidentales la crainte de leur propre d\u00e9clin relatif. L\u2019ordre international lib\u00e9ral y est consid\u00e9r\u00e9 comme b\u00e9n\u00e9ficiant injustement non seulement aux \u00e9lites mondiales sur le plan int\u00e9rieur, mais \u00e9galement aux puissances \u00e9trang\u00e8res montantes, en premier lieu desquelles la Chine.<\/p>\n<p>Dans le m\u00eame temps, en menant les gouvernements \u00e0 l\u2019impasse, et en r\u00e9duisant consid\u00e9rablement leur marge de man\u0153uvre, la polarisation int\u00e9rieure vient lier les mains des dirigeants d\u00e9mocratiques, les rendant incapables d\u2019am\u00e9liorer les relations \u00e9trang\u00e8res et de renforcer la coop\u00e9ration mondiale. De leur c\u00f4t\u00e9, les dirigeants populistes illib\u00e9raux ont peu int\u00e9r\u00eat \u00e0 contribuer \u00e0 l\u2019\u00e9tablissement d\u2019un consensus entre les \u00c9tats, puisqu\u2019un environnement international divis\u00e9 s\u2019inscrit en phase avec leur discours du \u00ab\u00a0tous contre tous\u00a0\u00bb.<\/p>\n<p>Dans ce contexte d\u2019intensification de la polarisation politique aux niveaux national et international, les espoirs et les aspirations d\u2019un grand nombre d\u2019individus autour d\u2019un monde davantage multipolaire \u2013 notamment dans les pays du Sud \u2013 risquent d\u2019\u00eatre d\u00e9\u00e7us. Le monde multipolaire qui \u00e9merge actuellement sera en effet probablement marqu\u00e9 par des conflits, en l\u2019absence de r\u00e8gles et d\u2019institutions communes.<\/p>\n<p>Plut\u00f4t que de permettre aux puissants \u00c9tats de se contenir mutuellement, dans une nouvelle \u00e8re de relative paix et stabilit\u00e9, la multipolarit\u00e9 risque d\u2019alimenter l\u2019instabilit\u00e9. Elle semble vou\u00e9e \u00e0 provoquer de nouvelles courses aux armements et guerres commerciales, \u00e0 prolonger les conflits int\u00e9rieurs existants, voire \u00e0 semer les graines d\u2019une guerre entre grandes puissances.<\/p>\n<p>De m\u00eame, plut\u00f4t que de favoriser une gouvernance mondiale plus inclusive, la multipolarit\u00e9 pourrait nuire \u00e0 la coop\u00e9ration, de plus en plus d\u2019\u00c9tats exer\u00e7ant d\u00e9sormais une influence suffisante pour perturber la prise de d\u00e9cisions collectives, et le leadership positif se faisant de plus en plus rare. Et si certains esp\u00e8rent que cette tectonique renforcera le droit international en r\u00e9duisant la capacit\u00e9 des puissances occidentales \u00e0 appliquer leurs principes de mani\u00e8re s\u00e9lective, de plus en plus de pays pourraient finir par revendiquer des droits sp\u00e9cifiques pour eux-m\u00eames.<\/p>\n<p>Il est urgent que le monde \u00ab\u00a0d\u00e9polarise\u00a0\u00bb la politique. La mani\u00e8re d\u2019y parvenir n\u2019est malheureusement pas \u00e9vidente, de m\u00eame que les candidats \u00e0 cet effort demeurent inconnus. Certains pensent que les divisions associ\u00e9es \u00e0 davantage de multipolarit\u00e9 pourraient \u00eatre surmont\u00e9es si les structures de la gouvernance mondiale s\u2019ouvraient \u00e0 de nouveaux p\u00f4les de puissance. D\u2019autres redoutent n\u00e9anmoins que cela ne suffise pas pour \u00e9tablir le consensus n\u00e9cessaire au renforcement des r\u00e8gles communes, et encore moins pour les r\u00e9former ou en cr\u00e9er de nouvelles.<\/p>\n<p>Rares sont les gouvernements actuels \u00e0 d\u00e9montrer un r\u00e9el int\u00e9r\u00eat pour l\u2019\u00e9laboration d\u2019un accord entre grandes puissances, susceptible de b\u00e9n\u00e9ficier \u00e0 l\u2019ensemble de la communaut\u00e9 internationale. Au contraire, nombre d\u2019entre eux semblent vouloir exploiter la polarisation croissante de la politique mondiale pour atteindre des objectifs int\u00e9rieurs et g\u00e9opolitiques. La multipolarit\u00e9 et la polarisation des politiques nationales comme internationales sont par cons\u00e9quent \u00e9troitement li\u00e9es. Un avenir meilleur d\u00e9pendra de la capacit\u00e9 d\u2019un monde aux plus nombreux p\u00f4les \u00e0 trouver les moyens d\u2019att\u00e9nuer les divisions dangereuses. Ce qui est certain, c\u2019est que ces efforts doivent commencer au niveau int\u00e9rieur.<\/p>\n<p>&nbsp;<\/p>\n<p><em>Cet article est bas\u00e9 sur l\u2019essai introductif du <\/em><a href=\"https:\/\/securityconference.org\/en\/publications\/munich-security-report\/\">Rapport de Munich sur la s\u00e9curit\u00e9 2025<\/a><em>.<\/em><\/p>\n<p>&nbsp;<\/p>\n<p><strong><em>Tobias Bunde, professeur de s\u00e9curit\u00e9 internationale \u00e0 la Hertie School de Berlin, est directeur de la recherche et des politiques au sein de la Conf\u00e9rence de Munich sur la s\u00e9curit\u00e9. Sophie Eisentraut est responsable de la recherche et des publications au sein de la Conf\u00e9rence de Munich sur la s\u00e9curit\u00e9.<\/em><\/strong><\/p>\n<p>&nbsp;<\/p>\n<p><strong>Copyright: Project Syndicate, 2025.<br \/>\n<a href=\"http:\/\/www.project-syndicate.org\">www.project-syndicate.org<\/a><\/strong><\/p>\n","protected":false},"excerpt":{"rendered":"<p>MUNICH \u2013 Dans les d\u00e9bats actuels sur la politique \u00e9trang\u00e8re, il est d\u00e9sormais commun\u00e9ment admis que le monde entre dans une \u00e8re multipolaire. La question de savoir si cet ordre international \u00e9mergera pleinement reste ouverte, mais le processus de \u00ab\u00a0multipolarisation\u00a0\u00bb est bel et bien en cours, de plus en plus d\u2019\u00c9tats devenant en mesure d\u2019influer &hellip;<\/p>\n","protected":false},"author":2,"featured_media":14053,"comment_status":"open","ping_status":"open","sticky":false,"template":"","format":"standard","meta":{"footnotes":""},"categories":[18,29,19],"tags":[],"class_list":["post-14052","post","type-post","status-publish","format-standard","has-post-thumbnail","hentry","category-actualites","category-monde","category-tribune"],"_links":{"self":[{"href":"https:\/\/ladepeche.mr\/index.php?rest_route=\/wp\/v2\/posts\/14052","targetHints":{"allow":["GET"]}}],"collection":[{"href":"https:\/\/ladepeche.mr\/index.php?rest_route=\/wp\/v2\/posts"}],"about":[{"href":"https:\/\/ladepeche.mr\/index.php?rest_route=\/wp\/v2\/types\/post"}],"author":[{"embeddable":true,"href":"https:\/\/ladepeche.mr\/index.php?rest_route=\/wp\/v2\/users\/2"}],"replies":[{"embeddable":true,"href":"https:\/\/ladepeche.mr\/index.php?rest_route=%2Fwp%2Fv2%2Fcomments&post=14052"}],"version-history":[{"count":2,"href":"https:\/\/ladepeche.mr\/index.php?rest_route=\/wp\/v2\/posts\/14052\/revisions"}],"predecessor-version":[{"id":14055,"href":"https:\/\/ladepeche.mr\/index.php?rest_route=\/wp\/v2\/posts\/14052\/revisions\/14055"}],"wp:featuredmedia":[{"embeddable":true,"href":"https:\/\/ladepeche.mr\/index.php?rest_route=\/wp\/v2\/media\/14053"}],"wp:attachment":[{"href":"https:\/\/ladepeche.mr\/index.php?rest_route=%2Fwp%2Fv2%2Fmedia&parent=14052"}],"wp:term":[{"taxonomy":"category","embeddable":true,"href":"https:\/\/ladepeche.mr\/index.php?rest_route=%2Fwp%2Fv2%2Fcategories&post=14052"},{"taxonomy":"post_tag","embeddable":true,"href":"https:\/\/ladepeche.mr\/index.php?rest_route=%2Fwp%2Fv2%2Ftags&post=14052"}],"curies":[{"name":"wp","href":"https:\/\/api.w.org\/{rel}","templated":true}]}}