{"id":14056,"date":"2025-02-12T09:57:28","date_gmt":"2025-02-12T09:57:28","guid":{"rendered":"https:\/\/ladepeche.mr\/?p=14056"},"modified":"2025-02-12T09:58:03","modified_gmt":"2025-02-12T09:58:03","slug":"la-commission-militaire-mauritano-algerienne-les-deux-parties-exhortent-a-la-diversification-de-la-cooperation","status":"publish","type":"post","link":"https:\/\/ladepeche.mr\/?p=14056","title":{"rendered":"Commission militaire mauritano-alg\u00e9rienne: les deux parties exhortent \u00e0 la diversification de la coop\u00e9ration"},"content":{"rendered":"<p>La Commission militaire mixte mauritano-alg\u00e9rienne a tenu mardi sa sixi\u00e8me session dans la capitale mauritanienne, Nouakchott, pour discuter des domaines de coop\u00e9ration entre les deux pays dans le domaine militaire.<\/p>\n<p>Au cours de cette rencontre, les deux parties auraient exprim\u00e9 leur satisfaction quant aux r\u00e9sultats de la coop\u00e9ration bilat\u00e9rale et exprim\u00e9 leur int\u00e9r\u00eat pour l\u2019\u00e9largissement et la diversification de cette coop\u00e9ration.<\/p>\n<p>Les discussions entre les deux d\u00e9l\u00e9gations auraient \u00e9galement pass\u00e9 en revue plusieurs domaines li\u00e9s \u00e0 la coop\u00e9ration bilat\u00e9rale et aux moyens de la d\u00e9velopper.<\/p>\n<p>La d\u00e9l\u00e9gation mauritanienne \u00e9tait conduite, rappelle-t-on, par Ahmed Sid Benaouf, chef d\u2019\u00e9tat-major de la Marine nationale, tandis que la d\u00e9l\u00e9gation alg\u00e9rienne \u00e9tait conduite par Abdelbaset Ben Jeddou, commandant du Centre des op\u00e9rations de d\u00e9fense.<\/p>\n","protected":false},"excerpt":{"rendered":"<p>La Commission militaire mixte mauritano-alg\u00e9rienne a tenu mardi sa sixi\u00e8me session dans la capitale mauritanienne, Nouakchott, pour discuter des domaines de coop\u00e9ration entre les deux pays dans le domaine militaire. Au cours de cette rencontre, les deux parties auraient exprim\u00e9 leur satisfaction quant aux r\u00e9sultats de la coop\u00e9ration bilat\u00e9rale et exprim\u00e9 leur int\u00e9r\u00eat pour l\u2019\u00e9largissement &hellip;<\/p>\n","protected":false},"author":2,"featured_media":14057,"comment_status":"open","ping_status":"open","sticky":false,"template":"","format":"standard","meta":{"footnotes":""},"categories":[18],"tags":[],"class_list":["post-14056","post","type-post","status-publish","format-standard","has-post-thumbnail","hentry","category-actualites"],"_links":{"self":[{"href":"https:\/\/ladepeche.mr\/index.php?rest_route=\/wp\/v2\/posts\/14056","targetHints":{"allow":["GET"]}}],"collection":[{"href":"https:\/\/ladepeche.mr\/index.php?rest_route=\/wp\/v2\/posts"}],"about":[{"href":"https:\/\/ladepeche.mr\/index.php?rest_route=\/wp\/v2\/types\/post"}],"author":[{"embeddable":true,"href":"https:\/\/ladepeche.mr\/index.php?rest_route=\/wp\/v2\/users\/2"}],"replies":[{"embeddable":true,"href":"https:\/\/ladepeche.mr\/index.php?rest_route=%2Fwp%2Fv2%2Fcomments&post=14056"}],"version-history":[{"count":2,"href":"https:\/\/ladepeche.mr\/index.php?rest_route=\/wp\/v2\/posts\/14056\/revisions"}],"predecessor-version":[{"id":14059,"href":"https:\/\/ladepeche.mr\/index.php?rest_route=\/wp\/v2\/posts\/14056\/revisions\/14059"}],"wp:featuredmedia":[{"embeddable":true,"href":"https:\/\/ladepeche.mr\/index.php?rest_route=\/wp\/v2\/media\/14057"}],"wp:attachment":[{"href":"https:\/\/ladepeche.mr\/index.php?rest_route=%2Fwp%2Fv2%2Fmedia&parent=14056"}],"wp:term":[{"taxonomy":"category","embeddable":true,"href":"https:\/\/ladepeche.mr\/index.php?rest_route=%2Fwp%2Fv2%2Fcategories&post=14056"},{"taxonomy":"post_tag","embeddable":true,"href":"https:\/\/ladepeche.mr\/index.php?rest_route=%2Fwp%2Fv2%2Ftags&post=14056"}],"curies":[{"name":"wp","href":"https:\/\/api.w.org\/{rel}","templated":true}]}}