{"id":1406,"date":"2022-08-05T23:42:08","date_gmt":"2022-08-05T23:42:08","guid":{"rendered":"https:\/\/ladepeche.mr\/?p=1406"},"modified":"2022-08-05T23:44:36","modified_gmt":"2022-08-05T23:44:36","slug":"declaration-de-la-commission-nationale-des-droits-de-lhomme","status":"publish","type":"post","link":"https:\/\/ladepeche.mr\/?p=1406","title":{"rendered":"D\u00e9claration de la Commission Nationale des Droits de l&#8217;Homme"},"content":{"rendered":"<p><!--more-->Le jeudi 04 ao\u00fbt 2022, une mission de la commission Nationale des Droits de l&#8217;Homme a effectu\u00e9 une visite d&#8217;inspection et de suivi au centre d&#8217;accueil des \u00e9trangers sis au Stade Olympique dans le quartier de tevragh zeina Nouakchott l&#8217;Ouest, destin\u00e9 \u00e0 la r\u00e9gularisation de leur statut juridique.<\/p>\n<p>L\u2019an proc\u00e9dure a connu une forte affluence d&#8217;\u00e9trangers d\u00e9sireux de r\u00e9sider en Mauritanie de mani\u00e8re l\u00e9gale leur permettant d&#8217;acc\u00e9der \u00e0 leurs droits, conform\u00e9ment \u00e0 ce qui est stipul\u00e9 dans les chartes, conventions et lois nationales en vigueur dans ce domaine.<\/p>\n<p>la commission Nationale des Droits de l&#8217;Homme note sa satisfaction quant aux r\u00e9sultats de cette visite de terrain, et compte tenu des responsabilit\u00e9s qui lui sont confi\u00e9es, ne manque pas de :<\/p>\n<p>1 &#8211; saluer le formidable pas franchi par les pouvoirs publics ; Comme une d\u00e9marche humanitaire en premier lieu visant \u00e0 permettre aux \u00e9trangers de r\u00e9gulariser leur situation juridique de mani\u00e8re gratuite, rapide et simplifi\u00e9e.<\/p>\n<p>2- La commission exhorte les chefs de collectivit\u00e9s et les missions diplomatiques \u00e0 sensibiliser leurs citoyens afin de profiter de cette opportunit\u00e9, dans le but de leur permettre d&#8217;acc\u00e9der \u00e0 leurs droits qui leur sont garantis par les textes et lois, et qui restent conditionn\u00e9s \u00e0 l&#8217;obtention d&#8217;une carte de s\u00e9jour.<\/p>\n<p>3- La commission note le r\u00f4le de toutes les \u00e9quipes administratives et de s\u00e9curit\u00e9 qui supervisent la mise en \u0153uvre de l&#8217;op\u00e9ration dans une atmosph\u00e8re d&#8217;ouverture et d&#8217;interaction positive avec les cibles.<\/p>\n<p>4- La commission attire l&#8217;attention des responsables de l&#8217;op\u00e9ration sur la n\u00e9cessit\u00e9 d&#8217;int\u00e9grer les d\u00e9tenus \u00e9trangers afin de r\u00e9gulariser leur situation juridique.<\/p>\n<p>5- La commission encourage que ce processus reste en vigueur dans une atmosph\u00e8re de respect de la loi et le respect des droits des \u00e9trangers, d&#8217;autant plus qu&#8217;ils incluent des enfants et des vuln\u00e9rables.<\/p>\n<p>Commission nationale des droits de l&#8217;homme<\/p>\n<p><strong>Nouakchott <\/strong>04 ao\u00fbt 2022.<\/p>\n","protected":false},"excerpt":{"rendered":"","protected":false},"author":2,"featured_media":1408,"comment_status":"open","ping_status":"open","sticky":false,"template":"","format":"standard","meta":{"footnotes":""},"categories":[18,19],"tags":[],"class_list":["post-1406","post","type-post","status-publish","format-standard","has-post-thumbnail","hentry","category-actualites","category-tribune"],"_links":{"self":[{"href":"https:\/\/ladepeche.mr\/index.php?rest_route=\/wp\/v2\/posts\/1406","targetHints":{"allow":["GET"]}}],"collection":[{"href":"https:\/\/ladepeche.mr\/index.php?rest_route=\/wp\/v2\/posts"}],"about":[{"href":"https:\/\/ladepeche.mr\/index.php?rest_route=\/wp\/v2\/types\/post"}],"author":[{"embeddable":true,"href":"https:\/\/ladepeche.mr\/index.php?rest_route=\/wp\/v2\/users\/2"}],"replies":[{"embeddable":true,"href":"https:\/\/ladepeche.mr\/index.php?rest_route=%2Fwp%2Fv2%2Fcomments&post=1406"}],"version-history":[{"count":2,"href":"https:\/\/ladepeche.mr\/index.php?rest_route=\/wp\/v2\/posts\/1406\/revisions"}],"predecessor-version":[{"id":1409,"href":"https:\/\/ladepeche.mr\/index.php?rest_route=\/wp\/v2\/posts\/1406\/revisions\/1409"}],"wp:featuredmedia":[{"embeddable":true,"href":"https:\/\/ladepeche.mr\/index.php?rest_route=\/wp\/v2\/media\/1408"}],"wp:attachment":[{"href":"https:\/\/ladepeche.mr\/index.php?rest_route=%2Fwp%2Fv2%2Fmedia&parent=1406"}],"wp:term":[{"taxonomy":"category","embeddable":true,"href":"https:\/\/ladepeche.mr\/index.php?rest_route=%2Fwp%2Fv2%2Fcategories&post=1406"},{"taxonomy":"post_tag","embeddable":true,"href":"https:\/\/ladepeche.mr\/index.php?rest_route=%2Fwp%2Fv2%2Ftags&post=1406"}],"curies":[{"name":"wp","href":"https:\/\/api.w.org\/{rel}","templated":true}]}}