{"id":14060,"date":"2025-02-12T12:08:34","date_gmt":"2025-02-12T12:08:34","guid":{"rendered":"https:\/\/ladepeche.mr\/?p=14060"},"modified":"2025-02-12T12:08:34","modified_gmt":"2025-02-12T12:08:34","slug":"le-mef-prend-part-au-conseil-des-gouverneurs-du-fida","status":"publish","type":"post","link":"https:\/\/ladepeche.mr\/?p=14060","title":{"rendered":"Le MEF prend part au Conseil des Gouverneurs du FIDA"},"content":{"rendered":"<p>Son Excellence le ministre de l&#8217;Economie et des Finances, M. Sid&#8217;Ahmed Ould Bouh, a pris part aux r\u00e9unions du Conseil des Gouverneurs du Fonds International de D\u00e9veloppement Agricole (FIDA) qui se tiennent \u00e0 Rome, Italie, les 12 et 13 f\u00e9vrier 2025.<\/p>\n<p>La 48e session du Conseil des gouverneurs du FIDA examinera les moyens de stimuler l&#8217;investissement dans le secteur agricole, de mettre en place des m\u00e9canismes novateurs pour mobiliser des financements, de renforcer les strat\u00e9gies, de tirer parti des partenariats, de renforcer la r\u00e9silience et de parvenir \u00e0 la s\u00e9curit\u00e9 alimentaire.<\/p>\n<p>Le FIDA est l&#8217;un des plus importants partenaires techniques et financiers de notre pays dans le domaine de l&#8217;agriculture, de la r\u00e9silience et du d\u00e9veloppement durable.<\/p>\n<p>Le ministre \u00e9tait accompagn\u00e9 de l&#8217;ambassadeur de la Mauritanie en Italie, SEM. Mohamed Mahmoud Ould Dahi.<\/p>\n","protected":false},"excerpt":{"rendered":"<p>Son Excellence le ministre de l&#8217;Economie et des Finances, M. Sid&#8217;Ahmed Ould Bouh, a pris part aux r\u00e9unions du Conseil des Gouverneurs du Fonds International de D\u00e9veloppement Agricole (FIDA) qui se tiennent \u00e0 Rome, Italie, les 12 et 13 f\u00e9vrier 2025. La 48e session du Conseil des gouverneurs du FIDA examinera les moyens de stimuler &hellip;<\/p>\n","protected":false},"author":2,"featured_media":14061,"comment_status":"open","ping_status":"open","sticky":false,"template":"","format":"standard","meta":{"footnotes":""},"categories":[18,2],"tags":[],"class_list":["post-14060","post","type-post","status-publish","format-standard","has-post-thumbnail","hentry","category-actualites","category-economie"],"_links":{"self":[{"href":"https:\/\/ladepeche.mr\/index.php?rest_route=\/wp\/v2\/posts\/14060","targetHints":{"allow":["GET"]}}],"collection":[{"href":"https:\/\/ladepeche.mr\/index.php?rest_route=\/wp\/v2\/posts"}],"about":[{"href":"https:\/\/ladepeche.mr\/index.php?rest_route=\/wp\/v2\/types\/post"}],"author":[{"embeddable":true,"href":"https:\/\/ladepeche.mr\/index.php?rest_route=\/wp\/v2\/users\/2"}],"replies":[{"embeddable":true,"href":"https:\/\/ladepeche.mr\/index.php?rest_route=%2Fwp%2Fv2%2Fcomments&post=14060"}],"version-history":[{"count":1,"href":"https:\/\/ladepeche.mr\/index.php?rest_route=\/wp\/v2\/posts\/14060\/revisions"}],"predecessor-version":[{"id":14062,"href":"https:\/\/ladepeche.mr\/index.php?rest_route=\/wp\/v2\/posts\/14060\/revisions\/14062"}],"wp:featuredmedia":[{"embeddable":true,"href":"https:\/\/ladepeche.mr\/index.php?rest_route=\/wp\/v2\/media\/14061"}],"wp:attachment":[{"href":"https:\/\/ladepeche.mr\/index.php?rest_route=%2Fwp%2Fv2%2Fmedia&parent=14060"}],"wp:term":[{"taxonomy":"category","embeddable":true,"href":"https:\/\/ladepeche.mr\/index.php?rest_route=%2Fwp%2Fv2%2Fcategories&post=14060"},{"taxonomy":"post_tag","embeddable":true,"href":"https:\/\/ladepeche.mr\/index.php?rest_route=%2Fwp%2Fv2%2Ftags&post=14060"}],"curies":[{"name":"wp","href":"https:\/\/api.w.org\/{rel}","templated":true}]}}