{"id":14070,"date":"2025-02-13T09:36:19","date_gmt":"2025-02-13T09:36:19","guid":{"rendered":"https:\/\/ladepeche.mr\/?p=14070"},"modified":"2025-02-13T09:43:27","modified_gmt":"2025-02-13T09:43:27","slug":"italie-g-giorgetti-veut-renforcer-la-presence-de-son-pays-en-mauritanie","status":"publish","type":"post","link":"https:\/\/ladepeche.mr\/?p=14070","title":{"rendered":"Italie\u00a0: G. Giorgetti veut renforcer la pr\u00e9sence \u00e9conomique de son pays en Mauritanie"},"content":{"rendered":"<p>Le ministre italien de l\u2019\u00e9conomie et des finances, Giancarlo Giorgetti, a manifest\u00e9 l\u2019int\u00e9r\u00eat pour son gouvernement de renforcer sa pr\u00e9sence \u00e9conomique en Mauritanie \u00e0 travers une diversification des \u00ab fili\u00e8res porteuses, en capitalisant sur les opportunit\u00e9s d\u2019investissement et de commerce \u00bb aurait-il notamment pr\u00e9cis\u00e9.<\/p>\n<p>Cette ambition a \u00e9t\u00e9 exprim\u00e9e par le responsable italien \u00e0 l\u2019occasion d\u2019un entretien, avec Sid&#8217;Ahmed Ould Bouh, mercredi, \u00e0 Rome, en marge des r\u00e9unions du Conseil des Gouverneurs du Fonds International de D\u00e9veloppement Agricole (FIDA) souligne une note du minist\u00e8re mauritanien de l\u2019\u00e9conomie et des finances.<\/p>\n<p>Lors de cette rencontre \u00e0 laquelle a pris part notre ambassadeur \u00e0 Rome, Mohamed Mahmoud Ould Dahy, G. Giorgetti a notamment exprim\u00e9 l\u2019int\u00e9r\u00eat de son pays pour les opportunit\u00e9s d\u2019investissement prometteuses offertes par la Mauritanie, notamment dans les domaines de l\u2019\u00e9nergie et du gaz.<\/p>\n<p>A noter que Sid&#8217;Ahmed Ould Bouh, s\u00e9journait \u00e0 Rome pour participer aux r\u00e9unions du Conseil des Gouverneurs du FIDA, tenues les 12 et 13 f\u00e9vrier 2025 dans la capitale italienne.<\/p>\n","protected":false},"excerpt":{"rendered":"<p>Le ministre italien de l\u2019\u00e9conomie et des finances, Giancarlo Giorgetti, a manifest\u00e9 l\u2019int\u00e9r\u00eat pour son gouvernement de renforcer sa pr\u00e9sence \u00e9conomique en Mauritanie \u00e0 travers une diversification des \u00ab fili\u00e8res porteuses, en capitalisant sur les opportunit\u00e9s d\u2019investissement et de commerce \u00bb aurait-il notamment pr\u00e9cis\u00e9. Cette ambition a \u00e9t\u00e9 exprim\u00e9e par le responsable italien \u00e0 l\u2019occasion &hellip;<\/p>\n","protected":false},"author":2,"featured_media":14071,"comment_status":"open","ping_status":"open","sticky":false,"template":"","format":"standard","meta":{"footnotes":""},"categories":[18,2],"tags":[],"class_list":["post-14070","post","type-post","status-publish","format-standard","has-post-thumbnail","hentry","category-actualites","category-economie"],"_links":{"self":[{"href":"https:\/\/ladepeche.mr\/index.php?rest_route=\/wp\/v2\/posts\/14070","targetHints":{"allow":["GET"]}}],"collection":[{"href":"https:\/\/ladepeche.mr\/index.php?rest_route=\/wp\/v2\/posts"}],"about":[{"href":"https:\/\/ladepeche.mr\/index.php?rest_route=\/wp\/v2\/types\/post"}],"author":[{"embeddable":true,"href":"https:\/\/ladepeche.mr\/index.php?rest_route=\/wp\/v2\/users\/2"}],"replies":[{"embeddable":true,"href":"https:\/\/ladepeche.mr\/index.php?rest_route=%2Fwp%2Fv2%2Fcomments&post=14070"}],"version-history":[{"count":5,"href":"https:\/\/ladepeche.mr\/index.php?rest_route=\/wp\/v2\/posts\/14070\/revisions"}],"predecessor-version":[{"id":14076,"href":"https:\/\/ladepeche.mr\/index.php?rest_route=\/wp\/v2\/posts\/14070\/revisions\/14076"}],"wp:featuredmedia":[{"embeddable":true,"href":"https:\/\/ladepeche.mr\/index.php?rest_route=\/wp\/v2\/media\/14071"}],"wp:attachment":[{"href":"https:\/\/ladepeche.mr\/index.php?rest_route=%2Fwp%2Fv2%2Fmedia&parent=14070"}],"wp:term":[{"taxonomy":"category","embeddable":true,"href":"https:\/\/ladepeche.mr\/index.php?rest_route=%2Fwp%2Fv2%2Fcategories&post=14070"},{"taxonomy":"post_tag","embeddable":true,"href":"https:\/\/ladepeche.mr\/index.php?rest_route=%2Fwp%2Fv2%2Ftags&post=14070"}],"curies":[{"name":"wp","href":"https:\/\/api.w.org\/{rel}","templated":true}]}}