{"id":14077,"date":"2025-02-13T10:25:38","date_gmt":"2025-02-13T10:25:38","guid":{"rendered":"https:\/\/ladepeche.mr\/?p=14077"},"modified":"2025-02-13T10:01:06","modified_gmt":"2025-02-13T10:01:06","slug":"la-ligue-arabe-rejette-fermement-lidee-de-deplacement-des-palestiniens-proposee-par-donald-trump","status":"publish","type":"post","link":"https:\/\/ladepeche.mr\/?p=14077","title":{"rendered":"La Ligue arabe rejette fermement l\u2019id\u00e9e de d\u00e9placement des Palestiniens propos\u00e9e par Donald Trump"},"content":{"rendered":"<p>Lors du Sommet mondial des gouvernements \u00e0 Duba\u00ef, Ahmed Aboul Gheit, secr\u00e9taire g\u00e9n\u00e9ral de la Ligue arabe, a r\u00e9affirm\u00e9 l\u2019opposition des pays arabes \u00e0 toute tentative de d\u00e9placement forc\u00e9 des Palestiniens. \u00ab Nous, les Arabes, avons combattu cette id\u00e9e pendant un si\u00e8cle et nous ne sommes pas pr\u00eats \u00e0 capituler maintenant \u00bb, a-t-il d\u00e9clar\u00e9 en r\u00e9ponse \u00e0 la volont\u00e9 exprim\u00e9e par le pr\u00e9sident am\u00e9ricain Donald Trump de vider la bande de Gaza de ses habitants pour y engager un projet de d\u00e9veloppement immobilier.<\/p>\n<p>Recevant mardi le roi Abdallah II de Jordanie \u00e0 la Maison-Blanche, M. Trump a de nouveau insist\u00e9 sur cette vision, provoquant une vive r\u00e9action du monde arabe. \u00ab L\u2019attention se porte aujourd\u2019hui sur la bande de Gaza, mais elle se portera demain sur la Cisjordanie, avec pour objectif de vider la Palestine historique de ses habitants d\u2019origine \u00bb, a averti M. Aboul Gheit. Il a qualifi\u00e9 cette approche d\u2019\u00ab inacceptable \u00bb pour les pays arabes, annon\u00e7ant par ailleurs la tenue d\u2019un sommet d\u2019urgence sur la question palestinienne en \u00c9gypte le 27 f\u00e9vrier. Les \u00c9tats arabes disposent de deux semaines pour d\u00e9finir une position commune sur ce dossier.<\/p>\n<p>Les pays arabes ont r\u00e9affirm\u00e9 leur attachement \u00e0 une solution \u00e0 deux \u00c9tats, permettant la cr\u00e9ation d\u2019un \u00c9tat palestinien ind\u00e9pendant aux c\u00f4t\u00e9s d\u2019Isra\u00ebl. Les Palestiniens eux-m\u00eames ont condamn\u00e9 cette proposition, y voyant une r\u00e9p\u00e9tition de la\u00a0<i>Nakba<\/i>\u00a0(\u00ab Catastrophe \u00bb en arabe), qui d\u00e9signe l\u2019exode massif survenu apr\u00e8s la cr\u00e9ation de l\u2019\u00c9tat d\u2019Isra\u00ebl en 1948. \u00c0 cette \u00e9poque, plusieurs centaines de milliers de Palestiniens avaient fui ou avaient \u00e9t\u00e9 expuls\u00e9s vers les pays voisins ou vers ce qui allait devenir la Cisjordanie et la bande de Gaza, selon l\u2019ONU.<\/p>\n<p>Apr\u00e8s la guerre isra\u00e9lo-arabe de 1967, Isra\u00ebl a occup\u00e9 J\u00e9rusalem-Est, la Cisjordanie et Gaza, avant de se retirer de cette derni\u00e8re en 2005. Depuis 2007, la bande de Gaza est sous le contr\u00f4le du Hamas et soumise \u00e0 un blocus isra\u00e9lien de plus de quinze ans. La guerre entre Isra\u00ebl et le Hamas, d\u00e9clench\u00e9e apr\u00e8s l\u2019attaque du 7 octobre 2023, a ravag\u00e9 le territoire palestinien pendant quinze mois avant qu\u2019un cessez-le-feu n\u2019entre en vigueur le 19 janvier. Isra\u00ebl, de son c\u00f4t\u00e9, continue de rejeter la solution \u00e0 deux \u00c9tats comme issue au conflit isra\u00e9lo-palestinien.<\/p>\n<p><a href=\"https:\/\/labass.net\/85998-la-ligue-arabe-rejette-fermement-lidee-de-deplacement-des-palestiniens-proposee-par-donald-trump.html\">La Ligue arabe rejette fermement l\u2019id\u00e9e de d\u00e9placement des Palestiniens propos\u00e9e par Donald Trump \u2013 Labass.net<\/a><\/p>\n","protected":false},"excerpt":{"rendered":"<p>Lors du Sommet mondial des gouvernements \u00e0 Duba\u00ef, Ahmed Aboul Gheit, secr\u00e9taire g\u00e9n\u00e9ral de la Ligue arabe, a r\u00e9affirm\u00e9 l\u2019opposition des pays arabes \u00e0 toute tentative de d\u00e9placement forc\u00e9 des Palestiniens. \u00ab Nous, les Arabes, avons combattu cette id\u00e9e pendant un si\u00e8cle et nous ne sommes pas pr\u00eats \u00e0 capituler maintenant \u00bb, a-t-il d\u00e9clar\u00e9 en &hellip;<\/p>\n","protected":false},"author":2,"featured_media":14078,"comment_status":"open","ping_status":"open","sticky":false,"template":"","format":"standard","meta":{"footnotes":""},"categories":[18,29],"tags":[],"class_list":["post-14077","post","type-post","status-publish","format-standard","has-post-thumbnail","hentry","category-actualites","category-monde"],"_links":{"self":[{"href":"https:\/\/ladepeche.mr\/index.php?rest_route=\/wp\/v2\/posts\/14077","targetHints":{"allow":["GET"]}}],"collection":[{"href":"https:\/\/ladepeche.mr\/index.php?rest_route=\/wp\/v2\/posts"}],"about":[{"href":"https:\/\/ladepeche.mr\/index.php?rest_route=\/wp\/v2\/types\/post"}],"author":[{"embeddable":true,"href":"https:\/\/ladepeche.mr\/index.php?rest_route=\/wp\/v2\/users\/2"}],"replies":[{"embeddable":true,"href":"https:\/\/ladepeche.mr\/index.php?rest_route=%2Fwp%2Fv2%2Fcomments&post=14077"}],"version-history":[{"count":1,"href":"https:\/\/ladepeche.mr\/index.php?rest_route=\/wp\/v2\/posts\/14077\/revisions"}],"predecessor-version":[{"id":14079,"href":"https:\/\/ladepeche.mr\/index.php?rest_route=\/wp\/v2\/posts\/14077\/revisions\/14079"}],"wp:featuredmedia":[{"embeddable":true,"href":"https:\/\/ladepeche.mr\/index.php?rest_route=\/wp\/v2\/media\/14078"}],"wp:attachment":[{"href":"https:\/\/ladepeche.mr\/index.php?rest_route=%2Fwp%2Fv2%2Fmedia&parent=14077"}],"wp:term":[{"taxonomy":"category","embeddable":true,"href":"https:\/\/ladepeche.mr\/index.php?rest_route=%2Fwp%2Fv2%2Fcategories&post=14077"},{"taxonomy":"post_tag","embeddable":true,"href":"https:\/\/ladepeche.mr\/index.php?rest_route=%2Fwp%2Fv2%2Ftags&post=14077"}],"curies":[{"name":"wp","href":"https:\/\/api.w.org\/{rel}","templated":true}]}}