{"id":14080,"date":"2025-02-13T16:45:01","date_gmt":"2025-02-13T16:45:01","guid":{"rendered":"https:\/\/ladepeche.mr\/?p=14080"},"modified":"2025-02-13T16:45:01","modified_gmt":"2025-02-13T16:45:01","slug":"le-premier-ministre-preside-la-reunion-du-comite-ministeriel-charge-de-la-mise-en-oeuvre-du-programme-national-de-protection-de-la-jeunesse","status":"publish","type":"post","link":"https:\/\/ladepeche.mr\/?p=14080","title":{"rendered":"Le Premier Ministre pr\u00e9side la r\u00e9union du comit\u00e9 minist\u00e9riel charg\u00e9 de la mise en \u0153uvre du Programme National de Protection de la Jeunesse"},"content":{"rendered":"<p>Son Excellence le Premier Ministre, M. El Moctar Ould Djay, a pr\u00e9sid\u00e9, aujourd\u2019hui, mercredi, au si\u00e8ge du Premier Minist\u00e8re, la r\u00e9union du comit\u00e9 minist\u00e9riel charg\u00e9 de la mise en \u0153uvre du Programme National de Protection de la Jeunesse, conform\u00e9ment au programme de Son Excellence le Pr\u00e9sident de la R\u00e9publique, M. Mohamed Ould Cheikh El-Ghazouani, qui veut que son ambitieuse mission pour la patrie soit pour la jeunesse et par la jeunesse. L\u2019une des priorit\u00e9s de cette approche est de prot\u00e9ger la jeunesse et les g\u00e9n\u00e9rations futures des fl\u00e9aux de notre temps.<\/p>\n<p>Ce programme comprend plusieurs volets parmi lesquels figurent notamment la protection de l\u2019unit\u00e9 nationale, la lutte contre tout type de discrimination, la lutte contre les drogues et les substances psychotropes, la protection contre les dangers de l\u2019espace num\u00e9rique et l\u2019usage abusif d\u2019Internet, et la diffusion de la culture de la pers\u00e9v\u00e9rance et de la valorisation de l\u2019effort et du travail.<\/p>\n<p>Au cours de la rencontre, les composantes de ce programme ont \u00e9t\u00e9 pr\u00e9sent\u00e9es et discut\u00e9es, et les secteurs impliqu\u00e9s dans chacune d\u2019entre elles ont \u00e9t\u00e9 identifi\u00e9s.<\/p>\n<p>Apr\u00e8s discussion et d\u00e9lib\u00e9ration, il a \u00e9t\u00e9 d\u00e9cid\u00e9 de former un comit\u00e9 technique charg\u00e9 de pr\u00e9senter une proposition de mesures pratiques qui permettront d\u2019unifier les efforts sectoriels d\u00e9ploy\u00e9s dans chaque domaine, de d\u00e9terminer les objectifs fondamentaux pouvant \u00eatre atteints et de mobiliser les capacit\u00e9s n\u00e9cessaires pour y parvenir le plus rapidement possible.<\/p>\n<p>Ami<\/p>\n","protected":false},"excerpt":{"rendered":"<p>Son Excellence le Premier Ministre, M. El Moctar Ould Djay, a pr\u00e9sid\u00e9, aujourd\u2019hui, mercredi, au si\u00e8ge du Premier Minist\u00e8re, la r\u00e9union du comit\u00e9 minist\u00e9riel charg\u00e9 de la mise en \u0153uvre du Programme National de Protection de la Jeunesse, conform\u00e9ment au programme de Son Excellence le Pr\u00e9sident de la R\u00e9publique, M. Mohamed Ould Cheikh El-Ghazouani, qui &hellip;<\/p>\n","protected":false},"author":2,"featured_media":14081,"comment_status":"open","ping_status":"open","sticky":false,"template":"","format":"standard","meta":{"footnotes":""},"categories":[18],"tags":[],"class_list":["post-14080","post","type-post","status-publish","format-standard","has-post-thumbnail","hentry","category-actualites"],"_links":{"self":[{"href":"https:\/\/ladepeche.mr\/index.php?rest_route=\/wp\/v2\/posts\/14080","targetHints":{"allow":["GET"]}}],"collection":[{"href":"https:\/\/ladepeche.mr\/index.php?rest_route=\/wp\/v2\/posts"}],"about":[{"href":"https:\/\/ladepeche.mr\/index.php?rest_route=\/wp\/v2\/types\/post"}],"author":[{"embeddable":true,"href":"https:\/\/ladepeche.mr\/index.php?rest_route=\/wp\/v2\/users\/2"}],"replies":[{"embeddable":true,"href":"https:\/\/ladepeche.mr\/index.php?rest_route=%2Fwp%2Fv2%2Fcomments&post=14080"}],"version-history":[{"count":1,"href":"https:\/\/ladepeche.mr\/index.php?rest_route=\/wp\/v2\/posts\/14080\/revisions"}],"predecessor-version":[{"id":14082,"href":"https:\/\/ladepeche.mr\/index.php?rest_route=\/wp\/v2\/posts\/14080\/revisions\/14082"}],"wp:featuredmedia":[{"embeddable":true,"href":"https:\/\/ladepeche.mr\/index.php?rest_route=\/wp\/v2\/media\/14081"}],"wp:attachment":[{"href":"https:\/\/ladepeche.mr\/index.php?rest_route=%2Fwp%2Fv2%2Fmedia&parent=14080"}],"wp:term":[{"taxonomy":"category","embeddable":true,"href":"https:\/\/ladepeche.mr\/index.php?rest_route=%2Fwp%2Fv2%2Fcategories&post=14080"},{"taxonomy":"post_tag","embeddable":true,"href":"https:\/\/ladepeche.mr\/index.php?rest_route=%2Fwp%2Fv2%2Ftags&post=14080"}],"curies":[{"name":"wp","href":"https:\/\/api.w.org\/{rel}","templated":true}]}}