{"id":14083,"date":"2025-02-13T17:40:51","date_gmt":"2025-02-13T17:40:51","guid":{"rendered":"https:\/\/ladepeche.mr\/?p=14083"},"modified":"2025-02-13T17:40:51","modified_gmt":"2025-02-13T17:40:51","slug":"les-dirigeants-africains-examinent-vendredi-a-addis-abeba-la-creation-dune-agence-africaine-de-notation-de-credit","status":"publish","type":"post","link":"https:\/\/ladepeche.mr\/?p=14083","title":{"rendered":"Les dirigeants africains examinent vendredi \u00e0 Addis-Abeba la cr\u00e9ation d&#8217;une agence africaine de notation de cr\u00e9dit"},"content":{"rendered":"<p data-t=\"{&quot;n&quot;:&quot;blueLinks&quot;}\">La rencontre qui se tiendra en marge du 38e Sommet ordinaire de l&#8217;UA au si\u00e8ge de l&#8217;Organisation, r\u00e9unira \u00e9galement des d\u00e9cideurs politiques, des experts financiers et des partenaires de d\u00e9veloppement pour d\u00e9lib\u00e9rer sur l&#8217;op\u00e9rationnalisation d&#8217;une agence de notation de cr\u00e9dit d\u00e9di\u00e9e au continent.<\/p>\n<div class=\"intra-article-module\" data-t=\"{&quot;n&quot;:&quot;intraArticle&quot;,&quot;t&quot;:13}\">\n<div class=\"articlePageIntraArticleFullWidth ad-slot-placeholder left-image-intra-ad\" data-ad-index=\"0\">\n<div class=\"intra-article-ad-full left-image-intra-ad\">\n<div class=\"left-image-intra-ad\">\n<p data-t=\"{&quot;n&quot;:&quot;blueLinks&quot;}\">Alors que le continent poursuit sa marche vers l&#8217;int\u00e9gration \u00e9conomique et la r\u00e9silience, la cr\u00e9ation de l&#8217;Agence africaine de notation de cr\u00e9dit (AFCRA) repr\u00e9sente une \u00e9tape cruciale dans l&#8217;affirmation de la position de l&#8217;Afrique sur la gouvernance financi\u00e8re mondiale.<\/p>\n<p data-t=\"{&quot;n&quot;:&quot;blueLinks&quot;}\">Les dirigeants africains devraient r\u00e9affirmer, \u00e0 l&#8217;occasion, leur volont\u00e9 politique et leur engagement collectif en faveur de la cr\u00e9ation de cette agence.<\/p>\n<p class=\"continue-read-break\" data-t=\"{&quot;n&quot;:&quot;blueLinks&quot;}\">La r\u00e9union devrait permettre aux dirigeants africains de discuter de l&#8217;avancement des travaux techniques en cours, d\u00e9terminer le r\u00f4le de l&#8217;AFCRA dans le soutien \u00e0 la stabilit\u00e9 financi\u00e8re et \u00e0 la croissance de l&#8217;Afrique, ainsi qu&#8217;explorer les possibilit\u00e9s de partenariats collaboratifs avec les partenaires de d\u00e9veloppement et les institutions financi\u00e8res internationales.<\/p>\n<p data-t=\"{&quot;n&quot;:&quot;blueLinks&quot;}\">L&#8217;agence dont le processus de cr\u00e9ation est actuellement en cours, devrait \u00eatre officiellement lanc\u00e9e en juin 2025 dans le cadre du programme plus large de l&#8217;Union africaine pour l&#8217;int\u00e9gration et l&#8217;ind\u00e9pendance financi\u00e8res.<\/p>\n<div class=\"intra-article-module\" data-t=\"{&quot;n&quot;:&quot;intraArticle&quot;,&quot;t&quot;:13}\">\n<div class=\"articlePageIntraArticleFullWidth ad-slot-placeholder left-image-intra-ad collapsed\" data-ad-index=\"1\">\n<div class=\"intra-article-ad-full left-image-intra-ad\"><\/div>\n<\/div>\n<\/div>\n<p data-t=\"{&quot;n&quot;:&quot;blueLinks&quot;}\">La cr\u00e9ation d&#8217;une agence de notation de cr\u00e9dit africaine vise \u00e0 &#8220;fournir des notations de cr\u00e9dit justes, transparentes et ax\u00e9es sur le d\u00e9veloppement qui refl\u00e8tent les r\u00e9alit\u00e9s et le potentiel des \u00e9conomies africaines&#8221;, explique l&#8217;UA sur son site officiel.<\/p>\n<p data-t=\"{&quot;n&quot;:&quot;blueLinks&quot;}\">Son objectif principal est d'&#8221;am\u00e9liorer la transparence, de r\u00e9duire la d\u00e9pendance vis-\u00e0-vis des trois agences internationales de notation de cr\u00e9dit et de r\u00e9pondre aux besoins sp\u00e9cifiques des pays, des institutions et des contextes africains&#8221;, ajoute l&#8217;UA dans une note de pr\u00e9sentation de la future agence africaine de notation de cr\u00e9dit.<\/p>\n<p data-t=\"{&quot;n&quot;:&quot;blueLinks&quot;}\">Cr\u00e9\u00e9e pour r\u00e9pondre aux pr\u00e9occupations concernant les pr\u00e9jug\u00e9s, les inexactitudes et les co\u00fbts \u00e9lev\u00e9s associ\u00e9s aux agences internationales de notation de cr\u00e9dit lors de l&#8217;\u00e9valuation des pays africains, cette agence &#8220;offrira au continent l&#8217;occasion de se doter d&#8217;un syst\u00e8me de notation de cr\u00e9dit qui refl\u00e8te les r\u00e9alit\u00e9s socio-\u00e9conomiques uniques de l&#8217;Afrique et favorisera une repr\u00e9sentation plus juste de sa solvabilit\u00e9&#8221;, assurent les concepteurs du projet.<\/p>\n<div class=\"intra-article-module\" data-t=\"{&quot;n&quot;:&quot;intraArticle&quot;,&quot;t&quot;:13}\">\n<div class=\"articlePageIntraArticleFullWidth ad-slot-placeholder left-image-intra-ad collapsed\" data-ad-index=\"2\">\n<div class=\"intra-article-ad-full left-image-intra-ad\"><\/div>\n<\/div>\n<\/div>\n<p data-t=\"{&quot;n&quot;:&quot;blueLinks&quot;}\">Contrairement aux agences de notation traditionnelles, (Moody&#8217;s, Fitch ou Standard &amp; Poor&#8217;s), l&#8217;AFCRA se concentrera exclusivement sur les \u00e9conomies africaines, en int\u00e9grant des donn\u00e9es et des indicateurs socio-\u00e9conomiques sp\u00e9cifiques \u00e0 chaque r\u00e9gion.<\/p>\n<p data-t=\"{&quot;n&quot;:&quot;blueLinks&quot;}\">En effet, l&#8217;objectif de l&#8217;AFCRA n&#8217;est &#8220;pas de concurrencer&#8221; ou de remplacer les trois agences internationales de notation de cr\u00e9dit, mais plut\u00f4t de les compl\u00e9ter en offrant une perspective alternative.<\/p>\n<p data-t=\"{&quot;n&quot;:&quot;blueLinks&quot;}\">&#8220;Elle s&#8217;attachera \u00e0 combler les lacunes en mati\u00e8re de donn\u00e9es et d&#8217;analyse, \u00e0 aborder les nuances r\u00e9gionales et \u00e0 promouvoir l&#8217;int\u00e9gration financi\u00e8re africaine. Cela permettra d&#8217;avoir une vision diversifi\u00e9e de la solvabilit\u00e9 et favorisera la collaboration pour un b\u00e9n\u00e9fice mutuel&#8221;, ajoute-t-on.<\/p>\n<p data-t=\"{&quot;n&quot;:&quot;blueLinks&quot;}\">L&#8217;AFCRA devrait r\u00e9duire le co\u00fbt des notations de cr\u00e9dit pour les pays et les entreprises africains, facilitera leur acc\u00e8s aux march\u00e9s financiers et assurera une repr\u00e9sentation plus juste de leur solvabilit\u00e9.<\/p>\n<p data-t=\"{&quot;n&quot;:&quot;blueLinks&quot;}\"><a href=\"https:\/\/www.msn.com\/fr-xl\/afrique-du-nord\/other\/les-dirigeants-africains-examinent-vendredi-%C3%A0-addis-abeba-la-cr%C3%A9ation-d-une-agence-africaine-de-notation-de-cr%C3%A9dit\/ar-AA1yYMVg?ocid=msedgdhp&amp;pc=U531&amp;cvid=84d98a2e6d0a481086334dd3f0e2adb0&amp;ei=12\">Les dirigeants africains examinent vendredi \u00e0 Addis-Abeba la cr\u00e9ation d&#8217;une agence africaine de notation de cr\u00e9dit<\/a><\/p>\n<\/div>\n<\/div>\n<\/div>\n<\/div>\n","protected":false},"excerpt":{"rendered":"<p>La rencontre qui se tiendra en marge du 38e Sommet ordinaire de l&#8217;UA au si\u00e8ge de l&#8217;Organisation, r\u00e9unira \u00e9galement des d\u00e9cideurs politiques, des experts financiers et des partenaires de d\u00e9veloppement pour d\u00e9lib\u00e9rer sur l&#8217;op\u00e9rationnalisation d&#8217;une agence de notation de cr\u00e9dit d\u00e9di\u00e9e au continent. Alors que le continent poursuit sa marche vers l&#8217;int\u00e9gration \u00e9conomique et la &hellip;<\/p>\n","protected":false},"author":2,"featured_media":14084,"comment_status":"open","ping_status":"open","sticky":false,"template":"","format":"standard","meta":{"footnotes":""},"categories":[18,29],"tags":[],"class_list":["post-14083","post","type-post","status-publish","format-standard","has-post-thumbnail","hentry","category-actualites","category-monde"],"_links":{"self":[{"href":"https:\/\/ladepeche.mr\/index.php?rest_route=\/wp\/v2\/posts\/14083","targetHints":{"allow":["GET"]}}],"collection":[{"href":"https:\/\/ladepeche.mr\/index.php?rest_route=\/wp\/v2\/posts"}],"about":[{"href":"https:\/\/ladepeche.mr\/index.php?rest_route=\/wp\/v2\/types\/post"}],"author":[{"embeddable":true,"href":"https:\/\/ladepeche.mr\/index.php?rest_route=\/wp\/v2\/users\/2"}],"replies":[{"embeddable":true,"href":"https:\/\/ladepeche.mr\/index.php?rest_route=%2Fwp%2Fv2%2Fcomments&post=14083"}],"version-history":[{"count":1,"href":"https:\/\/ladepeche.mr\/index.php?rest_route=\/wp\/v2\/posts\/14083\/revisions"}],"predecessor-version":[{"id":14085,"href":"https:\/\/ladepeche.mr\/index.php?rest_route=\/wp\/v2\/posts\/14083\/revisions\/14085"}],"wp:featuredmedia":[{"embeddable":true,"href":"https:\/\/ladepeche.mr\/index.php?rest_route=\/wp\/v2\/media\/14084"}],"wp:attachment":[{"href":"https:\/\/ladepeche.mr\/index.php?rest_route=%2Fwp%2Fv2%2Fmedia&parent=14083"}],"wp:term":[{"taxonomy":"category","embeddable":true,"href":"https:\/\/ladepeche.mr\/index.php?rest_route=%2Fwp%2Fv2%2Fcategories&post=14083"},{"taxonomy":"post_tag","embeddable":true,"href":"https:\/\/ladepeche.mr\/index.php?rest_route=%2Fwp%2Fv2%2Ftags&post=14083"}],"curies":[{"name":"wp","href":"https:\/\/api.w.org\/{rel}","templated":true}]}}