{"id":14086,"date":"2025-02-13T23:17:46","date_gmt":"2025-02-13T23:17:46","guid":{"rendered":"https:\/\/ladepeche.mr\/?p=14086"},"modified":"2025-02-13T23:17:46","modified_gmt":"2025-02-13T23:17:46","slug":"senegal-la-cour-des-comptes-publie-un-rapport-accablant-sur-les-finances-publiques","status":"publish","type":"post","link":"https:\/\/ladepeche.mr\/?p=14086","title":{"rendered":"S\u00e9n\u00e9gal : la Cour des comptes publie un rapport accablant sur les finances publiques"},"content":{"rendered":"<p>La Cour des comptes du S\u00e9n\u00e9gal a rendu public un rapport d\u2019audit sur la gestion des finances publiques de 2019 \u00e0 2024. Le document r\u00e9v\u00e8le que la dette publique atteint 99% du PIB, bien au-del\u00e0 des 74% annonc\u00e9s fin 2023.<\/p>\n<div class=\"article-image-slot image-slot-placeholder\" data-doc-id=\"cms\/api\/amp\/image\/AA1yZvZ5\">\n<div class=\"article-image-slot\">\n<div class=\"article-image-container polished\" data-t=\"{&quot;n&quot;:&quot;OpenModal&quot;,&quot;t&quot;:13,&quot;b&quot;:8,&quot;c.i&quot;:&quot;AA1yZEye&quot;,&quot;c.l&quot;:false,&quot;c.t&quot;:13,&quot;c.v&quot;:&quot;news&quot;,&quot;c.c&quot;:&quot;others&quot;,&quot;c.b&quot;:&quot;Euronews fran\u00e7ais&quot;,&quot;c.bi&quot;:&quot;AA2qy7x&quot;,&quot;c.tv&quot;:&quot;politics&quot;,&quot;c.tc&quot;:&quot;government&quot;,&quot;c.hl&quot;:&quot;S\u00e9n\u00e9gal : la Cour des comptes publie un rapport accablant sur les finances publiques&quot;}\" data-test-id=\"AA1yZvZ5\">Apr\u00e8s plusieurs mois d\u2019attente, la Cour des comptes du S\u00e9n\u00e9gal a enfin rendu public son rapport d\u2019audit sur la gestion des finances publiques pour la p\u00e9riode allant de 2019 au 31 mars 2024. Le document met en avant de nombreuses irr\u00e9gularit\u00e9s, notamment sur l\u2019endettement du pays. Selon les chiffres actualis\u00e9s, la dette publique repr\u00e9senterait 99% du PIB, loin des 74% annonc\u00e9s en 2023.<\/div>\n<div data-t=\"{&quot;n&quot;:&quot;OpenModal&quot;,&quot;t&quot;:13,&quot;b&quot;:8,&quot;c.i&quot;:&quot;AA1yZEye&quot;,&quot;c.l&quot;:false,&quot;c.t&quot;:13,&quot;c.v&quot;:&quot;news&quot;,&quot;c.c&quot;:&quot;others&quot;,&quot;c.b&quot;:&quot;Euronews fran\u00e7ais&quot;,&quot;c.bi&quot;:&quot;AA2qy7x&quot;,&quot;c.tv&quot;:&quot;politics&quot;,&quot;c.tc&quot;:&quot;government&quot;,&quot;c.hl&quot;:&quot;S\u00e9n\u00e9gal : la Cour des comptes publie un rapport accablant sur les finances publiques&quot;}\" data-test-id=\"AA1yZvZ5\">Autre \u00e9l\u00e9ment marquant, le d\u00e9ficit budg\u00e9taire d\u00e9clar\u00e9 au FMI aurait \u00e9t\u00e9 sous-\u00e9valu\u00e9. Initialement estim\u00e9 \u00e0 pr\u00e8s de 5%, il atteindrait en r\u00e9alit\u00e9 plus de 12%.Le rapport souligne aussi une forte augmentation de la masse salariale de l\u2019\u00c9tat, pass\u00e9e de 744 milliards de francs CFA en 2019 \u00e0 plus de 1 303 milliards en 2023, soit une hausse de 75% en quatre ans.L\u2019opposition, et notamment l\u2019ancien r\u00e9gime de Macky Sall, dont la gestion est directement mise en cause, rejette ces accusations. Ses repr\u00e9sentants d\u00e9noncent une tentative de manipulation et annoncent qu\u2019ils apporteront des r\u00e9ponses d\u00e9taill\u00e9es dans les prochains jours.Ce rapport relance le d\u00e9bat sur la gestion des finances publiques et pose la question des cons\u00e9quences \u00e9conomiques de cette nouvelle \u00e9valuation de la dette et du d\u00e9ficit budg\u00e9taire.<\/div>\n<div data-t=\"{&quot;n&quot;:&quot;OpenModal&quot;,&quot;t&quot;:13,&quot;b&quot;:8,&quot;c.i&quot;:&quot;AA1yZEye&quot;,&quot;c.l&quot;:false,&quot;c.t&quot;:13,&quot;c.v&quot;:&quot;news&quot;,&quot;c.c&quot;:&quot;others&quot;,&quot;c.b&quot;:&quot;Euronews fran\u00e7ais&quot;,&quot;c.bi&quot;:&quot;AA2qy7x&quot;,&quot;c.tv&quot;:&quot;politics&quot;,&quot;c.tc&quot;:&quot;government&quot;,&quot;c.hl&quot;:&quot;S\u00e9n\u00e9gal : la Cour des comptes publie un rapport accablant sur les finances publiques&quot;}\" data-test-id=\"AA1yZvZ5\"><a href=\"https:\/\/www.msn.com\/fr-xl\/actualite\/other\/s%C3%A9n%C3%A9gal-la-cour-des-comptes-publie-un-rapport-accablant-sur-les-finances-publiques\/ar-AA1yZEye?ocid=msedgdhp&amp;pc=U531&amp;cvid=033a6351adb24075d5c30ae75ae2206a&amp;ei=36\">S\u00e9n\u00e9gal : la Cour des comptes publie un rapport accablant sur les finances publiques<\/a><\/div>\n<\/div>\n<\/div>\n","protected":false},"excerpt":{"rendered":"<p>La Cour des comptes du S\u00e9n\u00e9gal a rendu public un rapport d\u2019audit sur la gestion des finances publiques de 2019 \u00e0 2024. Le document r\u00e9v\u00e8le que la dette publique atteint 99% du PIB, bien au-del\u00e0 des 74% annonc\u00e9s fin 2023. Apr\u00e8s plusieurs mois d\u2019attente, la Cour des comptes du S\u00e9n\u00e9gal a enfin rendu public son &hellip;<\/p>\n","protected":false},"author":2,"featured_media":14087,"comment_status":"open","ping_status":"open","sticky":false,"template":"","format":"standard","meta":{"footnotes":""},"categories":[18,29],"tags":[],"class_list":["post-14086","post","type-post","status-publish","format-standard","has-post-thumbnail","hentry","category-actualites","category-monde"],"_links":{"self":[{"href":"https:\/\/ladepeche.mr\/index.php?rest_route=\/wp\/v2\/posts\/14086","targetHints":{"allow":["GET"]}}],"collection":[{"href":"https:\/\/ladepeche.mr\/index.php?rest_route=\/wp\/v2\/posts"}],"about":[{"href":"https:\/\/ladepeche.mr\/index.php?rest_route=\/wp\/v2\/types\/post"}],"author":[{"embeddable":true,"href":"https:\/\/ladepeche.mr\/index.php?rest_route=\/wp\/v2\/users\/2"}],"replies":[{"embeddable":true,"href":"https:\/\/ladepeche.mr\/index.php?rest_route=%2Fwp%2Fv2%2Fcomments&post=14086"}],"version-history":[{"count":1,"href":"https:\/\/ladepeche.mr\/index.php?rest_route=\/wp\/v2\/posts\/14086\/revisions"}],"predecessor-version":[{"id":14088,"href":"https:\/\/ladepeche.mr\/index.php?rest_route=\/wp\/v2\/posts\/14086\/revisions\/14088"}],"wp:featuredmedia":[{"embeddable":true,"href":"https:\/\/ladepeche.mr\/index.php?rest_route=\/wp\/v2\/media\/14087"}],"wp:attachment":[{"href":"https:\/\/ladepeche.mr\/index.php?rest_route=%2Fwp%2Fv2%2Fmedia&parent=14086"}],"wp:term":[{"taxonomy":"category","embeddable":true,"href":"https:\/\/ladepeche.mr\/index.php?rest_route=%2Fwp%2Fv2%2Fcategories&post=14086"},{"taxonomy":"post_tag","embeddable":true,"href":"https:\/\/ladepeche.mr\/index.php?rest_route=%2Fwp%2Fv2%2Ftags&post=14086"}],"curies":[{"name":"wp","href":"https:\/\/api.w.org\/{rel}","templated":true}]}}