{"id":14098,"date":"2025-02-15T14:09:01","date_gmt":"2025-02-15T14:09:01","guid":{"rendered":"https:\/\/ladepeche.mr\/?p=14098"},"modified":"2025-02-17T18:58:41","modified_gmt":"2025-02-17T18:58:41","slug":"le-president-de-la-republique-au-sommet-de-lunion-africaine-je-termine-mon-mandat-avec-la-conviction-profonde-que-lafrique-a-les-moyens-de-realiser-les-objectifs-de-l","status":"publish","type":"post","link":"https:\/\/ladepeche.mr\/?p=14098","title":{"rendered":"Le Pr\u00e9sident au Sommet de l\u2019Ua : \u201cJe termine mon mandat avec la conviction profonde que l\u2019Afrique a les moyens de r\u00e9aliser les objectifs de l\u2019Agenda 2063\u201d"},"content":{"rendered":"<p>Son Excellence le Pr\u00e9sident de la R\u00e9publique et Pr\u00e9sident de l\u2019Union africaine (UA), Monsieur Mohamed Ould Cheikh El Ghazouani, a soulign\u00e9 ce samedi dans son discours devant la 38\u00e8me session ordinaire du sommet de l\u2019Union Africaine \u00e0 Addis-Abeba qu\u2019il termine mon mandat avec la conviction profonde que l\u2019Afrique a les moyens de r\u00e9aliser les objectifs de l\u2019Agenda 2063.<\/p>\n<p>Il transmet la pr\u00e9sidence de l\u2019UA \u00e0 Son Excellence M. Jo\u00e3o Louren\u00e7o, Pr\u00e9sident de la R\u00e9publique d\u2019Angola \u00e0 qui il renouvelle ses v\u0153ux de succ\u00e8s.<\/p>\n<p>Voici le texte int\u00e9gral du discours de Son Excellence le Pr\u00e9sident de la R\u00e9publique, Pr\u00e9sident de l\u2019Union africaine :<\/p>\n<p>\u201cLeurs Excellences et Altesses, Chefs d\u2019\u00c9tat et de Gouvernement ;<\/p>\n<p>Son Excellence le Secr\u00e9taire g\u00e9n\u00e9ral des Nations Unies ;<\/p>\n<p>Mesdames et Messieurs les Ministres ;<\/p>\n<p>Son Excellence le Pr\u00e9sident de la Commission de l\u2019Union Africaine ;<\/p>\n<p>Mesdames et Messieurs les Chefs de d\u00e9l\u00e9gations ;<\/p>\n<p>Mesdames et Messieurs les Ambassadeurs ;<\/p>\n<p>Mesdames et Messieurs, nos honorables invit\u00e9s ;<\/p>\n<p>Je souhaite tout d\u2019abord exprimer mes sinc\u00e8res remerciements au gouvernement et au peuple \u00e9thiopiens pour les mesures prises afin de faciliter l\u2019organisation rigoureuse de notre sommet et pour l\u2019accueil chaleureux et l\u2019hospitalit\u00e9 g\u00e9n\u00e9reuse dont nous b\u00e9n\u00e9ficions toujours dans cette ville historique, berceau de notre organisation. Cette derni\u00e8re incarne l\u2019expression institutionnelle supr\u00eame des aspirations des P\u00e8res fondateurs et des peuples africains \u00e0 une Afrique unie, s\u00fbre, stable et prosp\u00e8re.<\/p>\n<p>J\u2019aimerais \u00e9galement renouveler mes remerciements \u00e0 mes fr\u00e8res, Chefs d\u2019\u00c9tat et de Gouvernement africains, pour l\u2019honneur qu\u2019ils m\u2019ont fait en me confiant la pr\u00e9sidence de l\u2019Union Africaine au cours de l\u2019ann\u00e9e \u00e9coul\u00e9e. J\u2019appr\u00e9cie profond\u00e9ment leur soutien ind\u00e9fectible et leur accompagnement constant tout au long de l\u2019exercice de cette noble mission. J\u2019adresse aussi mes sinc\u00e8res remerciements aux Princes, Chefs d\u2019\u00c9tat et de Gouvernement, ainsi qu\u2019aux organisations internationales qui, sur notre invitation, ont bien voulu assister \u00e0 cet \u00e9v\u00e9nement annuel marquant le d\u00e9but de l\u2019ann\u00e9e 2025, une ann\u00e9e porteuse de nombreuses incertitudes, pr\u00e9occupations et interrogations.<\/p>\n<p>Leurs Excellences, Mesdames et Messieurs,<\/p>\n<p>Nous avons pris la pr\u00e9sidence tournante de l\u2019Union Africaine dans un contexte international et continental d\u2019une extr\u00eame sensibilit\u00e9 et complexit\u00e9. Toutefois, ce mandat a \u00e9galement co\u00efncid\u00e9 avec l\u2019adoption de notre deuxi\u00e8me plan d\u00e9cennal dans le cadre de la mise en \u0153uvre de l\u2019Agenda 2063. Ce plan constitue le cadre g\u00e9n\u00e9ral des programmes de d\u00e9veloppement \u00e0 moyen terme des \u00c9tats membres, des Communaut\u00e9s \u00e9conomiques r\u00e9gionales et des diff\u00e9rentes institutions de l\u2019Union Africaine.<\/p>\n<p>L\u2019adoption de ce plan d\u00e9cennal illustre clairement notre d\u00e9termination collective \u00e0 r\u00e9aliser les aspirations de nos peuples pour l\u2019Afrique que nous voulons, malgr\u00e9 les nombreux obstacles et d\u00e9fis, aussi immenses soient-ils. J\u2019\u00e9tais pleinement conscient, d\u00e8s ma prise de fonction, de l\u2019ampleur de la mission et de la d\u00e9licatesse de la conjoncture.<\/p>\n<p>Aujourd\u2019hui, notre monde est marqu\u00e9 par une recrudescence des crises de toutes sortes, un \u00e9largissement des foyers de tensions et une multiplication des conflits qui ont profond\u00e9ment \u00e9branl\u00e9 les relations internationales ainsi que les valeurs et principes ayant fond\u00e9 l\u2019ordre mondial depuis la fin de la Seconde Guerre mondiale.<\/p>\n<p>Apr\u00e8s une p\u00e9riode d\u2019accalmie et de renforcement des organisations internationales, o\u00f9 l\u2019on croyait en un monde plus pacifique, les rep\u00e8res se sont effondr\u00e9s et les espoirs se sont \u00e9vanouis progressivement, tandis qu\u2019une reconfiguration du syst\u00e8me international est en cours, sans que ses contours et ses implications ne soient encore clairement d\u00e9finis.<\/p>\n<p>Depuis plusieurs ann\u00e9es, le monde est malheureusement confront\u00e9 \u00e0 une effusion continue de sang, laissant de nombreuses populations dans des situations humanitaires urgentes. La plan\u00e8te a atteint un niveau de violence et de barbarie in\u00e9dit depuis la Seconde Guerre mondiale, et la situation en Palestine occup\u00e9e en est l\u2019illustration la plus flagrante.<\/p>\n<p>Ce tableau mondial d\u00e9j\u00e0 sombre est encore plus assombri par les conflits, la violence, l\u2019extr\u00e9misme et le terrorisme qui ravagent notre continent africain. Ces crises, qu\u2019elles soient d\u2019ordre continental ou international, ont un impact n\u00e9gatif profond sur nos efforts de d\u00e9veloppement. L\u2019Afrique fait face \u00e0 de nombreux d\u00e9fis structurels : pauvret\u00e9, ch\u00f4mage, fragilit\u00e9 des syst\u00e8mes de sant\u00e9 et d\u2019\u00e9ducation, faiblesse des infrastructures \u00e9conomiques, sans oublier les effets d\u00e9vastateurs du changement climatique et la persistance des conflits arm\u00e9s qui sapent la paix, la stabilit\u00e9 et le tissu social de nos soci\u00e9t\u00e9s.<\/p>\n<p>Lors de la 37\u1d49 session de la Conf\u00e9rence des Chefs d\u2019\u00c9tat et de Gouvernement de l\u2019Union Africaine, nous avons pris l\u2019engagement de faire face \u00e0 ces d\u00e9fis avec d\u00e9termination.<\/p>\n<p>Ainsi, tout au long de notre mandat, nous avons \u0153uvr\u00e9 dans le strict respect des r\u00e8gles de l\u2019Union, en parfaite coordination avec la Commission, les Communaut\u00e9s \u00e9conomiques r\u00e9gionales et les m\u00e9canismes r\u00e9gionaux, pour renforcer les efforts de paix et promouvoir des solutions n\u00e9goci\u00e9es aux conflits. Nous avons soutenu, par exemple, les initiatives louables men\u00e9es par Son Excellence Denis Sassou N\u2019Guesso \u00e0 la t\u00eate du Comit\u00e9 de haut niveau de l\u2019Union Africaine sur la Libye. Nous avons \u00e9galement maintenu un dialogue constant avec Leurs Excellences Paul Kagame et F\u00e9lix Tshisekedi en vue de mettre fin aux violences en R\u00e9publique D\u00e9mocratique du Congo. De plus, la R\u00e9publique Islamique de Mauritanie a accueilli, le 18 d\u00e9cembre 2024, la troisi\u00e8me r\u00e9union consultative pour renforcer la coordination des initiatives de paix au Soudan, et nous avons re\u00e7u \u00e0 Nouakchott, les 13 et 14 janvier 2025, le G\u00e9n\u00e9ral Abdel Fattah al-Burhan, Pr\u00e9sident du Conseil de Souverainet\u00e9 du Soudan, pour discuter de la n\u00e9cessit\u00e9 de mettre un terme aux violences dans ce pays et de pr\u00e9server l\u2019unit\u00e9 et l\u2019int\u00e9grit\u00e9 de son territoire.<\/p>\n<p>Leurs Excellences, Mesdames et Messieurs,<\/p>\n<p>Nous avons \u00e9galement accord\u00e9 une attention particuli\u00e8re \u00e0 l\u2019agenda du d\u00e9veloppement en mobilisant des financements cons\u00e9quents pour r\u00e9pondre aux besoins croissants du continent. Nous avons organis\u00e9, en avril 2024, avec Son Excellence William Ruto, le Sommet de Nairobi en soutien \u00e0 la 21\u1d49 reconstitution des ressources de l\u2019Association internationale de d\u00e9veloppement (IDA). Ce plaidoyer a \u00e9t\u00e9 renforc\u00e9 lors du sommet \u00e9conomique d\u2019Abidjan en octobre 2024, aux c\u00f4t\u00e9s de Son Excellence Alassane Ouattara.<\/p>\n<p>Ces efforts ont permis de mobiliser un niveau in\u00e9dit de financement, atteignant 100 milliards de dollars. Nous avons \u00e9galement obtenu une augmentation significative des financements de la Cor\u00e9e en faveur de l\u2019Afrique, qui sont pass\u00e9s de 5,5 milliards de dollars \u00e0 10 milliards de dollars, en plus de 14 milliards destin\u00e9s au soutien aux entreprises investissant sur le continent. Par ailleurs, lors du Forum sino-africain, la Chine a annonc\u00e9 l\u2019allocation de 50 milliards de dollars pour le d\u00e9veloppement de l\u2019Afrique.<\/p>\n<p>Dans le cadre de la souverainet\u00e9 alimentaire, nous avons organis\u00e9 des sommets exceptionnels \u00e0 Nairobi en mai 2024 sur la sant\u00e9 des sols et les engrais, et \u00e0 Kampala en janvier 2025 sur la r\u00e9silience des syst\u00e8mes agroalimentaires. Ces rencontres ont abouti \u00e0 l\u2019adoption de strat\u00e9gies ambitieuses pour la transformation agricole du continent.<\/p>\n<p>De plus, nous avons accord\u00e9 une attention particuli\u00e8re aux questions \u00e9nerg\u00e9tiques. En janvier 2025, \u00e0 Dar es Salaam, nous avons coorganis\u00e9 le Sommet africain sur l\u2019\u00e9nergie avec Son Excellence Samia Suluhu Hassan, en collaboration avec la Banque Africaine de D\u00e9veloppement et la Banque Mondiale, dans le cadre de l\u2019initiative \u201cMission 300\u2033, visant \u00e0 garantir l\u2019acc\u00e8s \u00e0 l\u2019\u00e9lectricit\u00e9 pour 300 millions d\u2019Africains.<\/p>\n<p>Enfin, nous avons plaid\u00e9 pour une r\u00e9forme du syst\u00e8me de gouvernance mondiale afin d\u2019assurer une repr\u00e9sentation \u00e9quitable de l\u2019Afrique dans les institutions multilat\u00e9rales, notamment au sein du Conseil de S\u00e9curit\u00e9 de l\u2019ONU.<\/p>\n<p>Leurs Excellences, Mesdames et Messieurs,<\/p>\n<p>Je termine mon mandat avec la conviction profonde que l\u2019Afrique a les moyens de r\u00e9aliser les objectifs de l\u2019Agenda 2063. Je renouvelle mes v\u0153ux de succ\u00e8s \u00e0 Son Excellence Jo\u00e3o Louren\u00e7o, \u00e0 qui je transmets la pr\u00e9sidence de l\u2019Union Africaine.<\/p>\n<p>Vive l\u2019Union Africaine ! Vive une Afrique libre, souveraine et prosp\u00e8re !<\/p>\n<p>Je vous remercie, que la paix soit sur vous.\u201d<\/p>\n<p>Ami<\/p>\n","protected":false},"excerpt":{"rendered":"<p>Son Excellence le Pr\u00e9sident de la R\u00e9publique et Pr\u00e9sident de l\u2019Union africaine (UA), Monsieur Mohamed Ould Cheikh El Ghazouani, a soulign\u00e9 ce samedi dans son discours devant la 38\u00e8me session ordinaire du sommet de l\u2019Union Africaine \u00e0 Addis-Abeba qu\u2019il termine mon mandat avec la conviction profonde que l\u2019Afrique a les moyens de r\u00e9aliser les objectifs &hellip;<\/p>\n","protected":false},"author":2,"featured_media":14099,"comment_status":"open","ping_status":"open","sticky":false,"template":"","format":"standard","meta":{"footnotes":""},"categories":[18,29],"tags":[],"class_list":["post-14098","post","type-post","status-publish","format-standard","has-post-thumbnail","hentry","category-actualites","category-monde"],"_links":{"self":[{"href":"https:\/\/ladepeche.mr\/index.php?rest_route=\/wp\/v2\/posts\/14098","targetHints":{"allow":["GET"]}}],"collection":[{"href":"https:\/\/ladepeche.mr\/index.php?rest_route=\/wp\/v2\/posts"}],"about":[{"href":"https:\/\/ladepeche.mr\/index.php?rest_route=\/wp\/v2\/types\/post"}],"author":[{"embeddable":true,"href":"https:\/\/ladepeche.mr\/index.php?rest_route=\/wp\/v2\/users\/2"}],"replies":[{"embeddable":true,"href":"https:\/\/ladepeche.mr\/index.php?rest_route=%2Fwp%2Fv2%2Fcomments&post=14098"}],"version-history":[{"count":2,"href":"https:\/\/ladepeche.mr\/index.php?rest_route=\/wp\/v2\/posts\/14098\/revisions"}],"predecessor-version":[{"id":14165,"href":"https:\/\/ladepeche.mr\/index.php?rest_route=\/wp\/v2\/posts\/14098\/revisions\/14165"}],"wp:featuredmedia":[{"embeddable":true,"href":"https:\/\/ladepeche.mr\/index.php?rest_route=\/wp\/v2\/media\/14099"}],"wp:attachment":[{"href":"https:\/\/ladepeche.mr\/index.php?rest_route=%2Fwp%2Fv2%2Fmedia&parent=14098"}],"wp:term":[{"taxonomy":"category","embeddable":true,"href":"https:\/\/ladepeche.mr\/index.php?rest_route=%2Fwp%2Fv2%2Fcategories&post=14098"},{"taxonomy":"post_tag","embeddable":true,"href":"https:\/\/ladepeche.mr\/index.php?rest_route=%2Fwp%2Fv2%2Ftags&post=14098"}],"curies":[{"name":"wp","href":"https:\/\/api.w.org\/{rel}","templated":true}]}}