{"id":14109,"date":"2025-02-15T20:30:41","date_gmt":"2025-02-15T20:30:41","guid":{"rendered":"https:\/\/ladepeche.mr\/?p=14109"},"modified":"2025-02-15T19:54:55","modified_gmt":"2025-02-15T19:54:55","slug":"union-africaine-cps-nouveau-revers-diplomatique-pour-alger","status":"publish","type":"post","link":"https:\/\/ladepeche.mr\/?p=14109","title":{"rendered":"Union Africaine-CPS : Nouveau revers diplomatique pour Alger"},"content":{"rendered":"<p>Sur cinq r\u00e9gions concern\u00e9es, la 46\u00e8me Session ordinaire du Conseil ex\u00e9cutif de l&#8217;UA n\u2019est pas parvenue \u00e0 \u00e9lire un nouveau membre pour la 5eme r\u00e9gion, Afrique du Nord au sein du Conseil de paix et de s\u00e9curit\u00e9 (CPS). L\u2019Alg\u00e9rie qui lorgnait la place y a \u00e9chou\u00e9.<\/p>\n<p>La d\u00e9signation du prochain pr\u00e9sident de la Commission de l\u2019UA retient l\u2019attention du sommet de l\u2019UA. Mais outre cette \u00e9lection et la crise de la RDC, l\u2019\u00e9lection au poste d\u00e9di\u00e9 \u00e0 l\u2019Afrique du Nord au sein du (CPS) a aussi marqu\u00e9 de son emprunte la la 46eme Session ordinaire du Conseil ex\u00e9cutif de l&#8217;UA, organis\u00e9e en pr\u00e9lude au sommet des chefs d\u2019Etat. L\u2019Alg\u00e9rie a essay\u00e9, sans y parvenir, \u00e0 se faire \u00e9lire dans cet organe ; un poste qu\u2019elle convoitait.<\/p>\n<p>Le si\u00e8ge \u00e0 pourvoir pour la r\u00e9gion Afrique du Nord concerne la Mauritanie, le Maroc, la Tunisie, l\u2019Alg\u00e9rie et la Libye. Un mandat de trois ans -pour la p\u00e9riode, entre 2025-2028, y accord\u00e9 au pays choisi. Le Maroc occupait ce m\u00eame poste pour le mandat pr\u00e9c\u00e9dant, entre 2022 et 2025. Cette \u00e9lection s\u2019inscrit dans le cadre du 38e Sommet ordinaire de l\u2019Union africaine, pr\u00e9vu les 15 et 16 f\u00e9vrier \u00e0 Addis-Abeba.<\/p>\n<p>Cependant, \u00e0 l\u2019issue du vote au (CPS) de l\u2019UA, tenues le 12 f\u00e9vrier dernier, l\u2019Alg\u00e9rie, malgr\u00e9 une intense campagne diplomatique, n\u2019a pas r\u00e9ussi \u00e0 obtenir la majorit\u00e9 requise des voix pour ce si\u00e8ge. Un \u00e9chec cuisant qui va \u00eatre per\u00e7u par les hautes autorit\u00e9s alg\u00e9riennes comme un revers diplomatique.<\/p>\n<p>Il est vrai que depuis ces deux derni\u00e8res d\u00e9cennies, l\u2019activisme de la diplomatie alg\u00e9rienne a perdu en efficacit\u00e9. Depuis l\u2019ann\u00e9e 2004, l\u2019Alg\u00e9rie a d\u00e9j\u00e0 b\u00e9n\u00e9fici\u00e9 de 5 mandats au (CPS), \u00ab soit 14 ans cumul\u00e9s en tant que membre\u00bb explique une source. Elle ne peut donc faire valoir la rotation \u2013 comme elle tente de le cr\u00e9diter apr\u00e8s son \u00e9chec- comme moyen pour d\u00e9partir les protagonistes.<\/p>\n<p>En v\u00e9rit\u00e9, l\u2019Alg\u00e9rie consent beaucoup de son \u00e9nergie \u00e0 cette \u00e9lection parce qu\u2019elle y trouve aussi un tremplin pour ses campagnes en faveur du Polisario qu\u2019elle entretient et soutient au d\u00e9triment du Maroc et de la recherche d\u2019une solution consensuelle \u00e0 ce conflit.<\/p>\n<p>Mercredi donc Alger a perdu le vote et n\u2019a pas obtenu le nombre de voix n\u00e9cessaires \u00e0 son \u00e9lection pour le compte de la r\u00e9gion Afrique du Nord afin de si\u00e9ger au CPS. Mais l\u2019Alg\u00e9rie n\u2019aurait pas pour autant d\u00e9pos\u00e9 les armes. Face \u00e0 ce premier \u00e9chec, elle a d\u00e9p\u00each\u00e9 une mission de diplomates en renfort pour exorciser un nouveau revers et pour tenter de convaincre \u00ab \u00e0 tout prix \u00bb les pays qui se seraient abstenus \u00e0 voter en sa faveur la premi\u00e8re fois, de lui apporter leurs concours.<\/p>\n<p>\u00ab Au lieu de privil\u00e9gier la coop\u00e9ration inter-africaineet les partenariats gagnant-gagnant, le r\u00e9gime d\u2019Alger continue de promouvoir la logique du chantage et de l\u2019achat des voix pour influencer ce processus \u00e9lectoral \u00bb, accusent ses d\u00e9tracteurs. Des pratiques qui retarderaient l\u2019objectif \u00ab des r\u00e9formes institutionnelles panafricaines\u00bb en vue de plus de transparence, de l\u00e9gitimit\u00e9 et d\u2019efficacit\u00e9 de l\u2019organisation.<\/p>\n<p>Pour pr\u00e9server la cr\u00e9dibilit\u00e9 et l\u2019efficacit\u00e9 de l\u2019organisation panafricaine, il est imp\u00e9ratif que les principes de transparence, d\u2019int\u00e9grit\u00e9 et de coop\u00e9ration interafricaine soient respect\u00e9s dans un continent en pleine mutation.<\/p>\n","protected":false},"excerpt":{"rendered":"<p>Sur cinq r\u00e9gions concern\u00e9es, la 46\u00e8me Session ordinaire du Conseil ex\u00e9cutif de l&#8217;UA n\u2019est pas parvenue \u00e0 \u00e9lire un nouveau membre pour la 5eme r\u00e9gion, Afrique du Nord au sein du Conseil de paix et de s\u00e9curit\u00e9 (CPS). L\u2019Alg\u00e9rie qui lorgnait la place y a \u00e9chou\u00e9. La d\u00e9signation du prochain pr\u00e9sident de la Commission de &hellip;<\/p>\n","protected":false},"author":2,"featured_media":14110,"comment_status":"open","ping_status":"open","sticky":false,"template":"","format":"standard","meta":{"footnotes":""},"categories":[18,29],"tags":[],"class_list":["post-14109","post","type-post","status-publish","format-standard","has-post-thumbnail","hentry","category-actualites","category-monde"],"_links":{"self":[{"href":"https:\/\/ladepeche.mr\/index.php?rest_route=\/wp\/v2\/posts\/14109","targetHints":{"allow":["GET"]}}],"collection":[{"href":"https:\/\/ladepeche.mr\/index.php?rest_route=\/wp\/v2\/posts"}],"about":[{"href":"https:\/\/ladepeche.mr\/index.php?rest_route=\/wp\/v2\/types\/post"}],"author":[{"embeddable":true,"href":"https:\/\/ladepeche.mr\/index.php?rest_route=\/wp\/v2\/users\/2"}],"replies":[{"embeddable":true,"href":"https:\/\/ladepeche.mr\/index.php?rest_route=%2Fwp%2Fv2%2Fcomments&post=14109"}],"version-history":[{"count":1,"href":"https:\/\/ladepeche.mr\/index.php?rest_route=\/wp\/v2\/posts\/14109\/revisions"}],"predecessor-version":[{"id":14111,"href":"https:\/\/ladepeche.mr\/index.php?rest_route=\/wp\/v2\/posts\/14109\/revisions\/14111"}],"wp:featuredmedia":[{"embeddable":true,"href":"https:\/\/ladepeche.mr\/index.php?rest_route=\/wp\/v2\/media\/14110"}],"wp:attachment":[{"href":"https:\/\/ladepeche.mr\/index.php?rest_route=%2Fwp%2Fv2%2Fmedia&parent=14109"}],"wp:term":[{"taxonomy":"category","embeddable":true,"href":"https:\/\/ladepeche.mr\/index.php?rest_route=%2Fwp%2Fv2%2Fcategories&post=14109"},{"taxonomy":"post_tag","embeddable":true,"href":"https:\/\/ladepeche.mr\/index.php?rest_route=%2Fwp%2Fv2%2Ftags&post=14109"}],"curies":[{"name":"wp","href":"https:\/\/api.w.org\/{rel}","templated":true}]}}