{"id":14124,"date":"2025-02-16T18:00:50","date_gmt":"2025-02-16T18:00:50","guid":{"rendered":"https:\/\/ladepeche.mr\/?p=14124"},"modified":"2025-02-16T17:48:47","modified_gmt":"2025-02-16T17:48:47","slug":"sommet-de-lunion-africaine-le-djiboutien-mahamoud-ali-youssouf-nomme-a-la-tete-de-la-commission","status":"publish","type":"post","link":"https:\/\/ladepeche.mr\/?p=14124","title":{"rendered":"Sommet de l\u2019Union africaine: le Djiboutien Mahamoud Ali Youssouf nomm\u00e9 \u00e0 la t\u00eate de la Commission"},"content":{"rendered":"<p>Le candidat Djiboutien Mahamoud Ali Youssouf vient d\u2019\u00eatre \u00e9lu pr\u00e9sident de la Commission africaine de l\u2019Union africaine (UA), \u00e0 Addis-Abeba, ce samedi apr\u00e8s-midi 15 f\u00e9vrier. Il l\u2019a emport\u00e9 au 7\u1d49 tour avec 33 voix sur 49. L&#8217;actuel ministre des Affaires \u00e9trang\u00e8res du pr\u00e9sident djiboutien succ\u00e8dera au Tchadien Moussa Faki Mahamat dont le second mandat \u00e0 la t\u00eate de l&#8217;organisation s&#8217;ach\u00e8ve le 15 mars prochain. Jusqu\u2019au bout, la comp\u00e9tition a \u00e9t\u00e9 serr\u00e9e.<\/p>\n<p>Le suspense a dur\u00e9 jusqu\u2019au bout\u2026 c\u2019est vers 18h00 que des applaudissements ont retenti et qu\u2019est tomb\u00e9e la nouvelle de l\u2019\u00e9lection du candidat djiboutien. Avec 33 voix sur 49, il obtient tout juste le nombre de votes requis pour \u00eatre \u00e9lu, apr\u00e8s sept tours et une bataille serr\u00e9e, rapporte notre envoy\u00e9e sp\u00e9ciale \u00e0\u00a0Addis-Abeba,\u00a0<strong>Florence Morice<\/strong>.<\/p>\n<p>Au premier tour, c\u2019est le K\u00e9nyan Raila Odinga qui \u00e9tait en t\u00eate, avec 20 voix, mais le candidat djiboutien est progressivement remont\u00e9, b\u00e9n\u00e9ficiant notamment du report des voix du candidat malgache, \u00e9limin\u00e9 d\u00e8s le quatri\u00e8me\u00a0tour. R\u00e9trograd\u00e9 deuxi\u00e8me, \u00e0 la fin du sixi\u00e8me tour de vote, Raila Odinga a d\u00fb se retirer comme le pr\u00e9voient les statuts de l\u2019Union africaine.<\/p>\n<p>Le candidat k\u00e9nyan se pr\u00e9sentait comme le favori et pouvait notamment compter sur le soutien de l\u2019EAC ainsi que sur sa renomm\u00e9e \u00e0 l\u2019international, mais il a certainement p\u00e2ti de son \u00e2ge. Il a 80 ans. \u00c0 l\u2019inverse, Mahamoud Ali Youssouf, est relativement jeune, 59 ans, et familier des arcanes de l\u2019Union africaine, qu\u2019il pratique depuis vingt ans, en tant que ministre des Affaires \u00e9trang\u00e8res de son pays,\u00a0<strong><a href=\"https:\/\/www.rfi.fr\/fr\/tag\/djibouti\/\" target=\"_self\">Djibouti<\/a><\/strong>. Il parle aussi trois langues : anglais, fran\u00e7ais et arabe.<\/p>\n<p>La victoire djiboutienne n\u2019a pas surpris les fins connaisseurs de l\u2019Union africaine. Ces derniers jours, en coulisses, beaucoup de diplomates vantaient sa comp\u00e9tence, sa maitrise des dossiers et sa connaissance de l\u2019institution. Des qualit\u00e9s essentielles \u00e0 l\u2019heure o\u00f9 l\u2019Union africaine traverse une crise de son leadership. Beaucoup \u00e0 l\u2019inverse \u00e9mettaient des doutes vis-\u00e0-vis du profil tr\u00e8s politique de Raila Odinga, alors m\u00eame que les chefs d\u2019\u00c9tat africains sont connus pour se m\u00e9fier des fortes personnalit\u00e9s capables de leur tenir t\u00eate pour diriger la commission.<\/p>\n<p>D\u00e9crit comme un homme droit et rigoureux, mais aussi dynamique par ses proches, Mahamud Ali Youssouf n\u2019aspire pas \u00e0 devenir un chef d\u2019\u00c9tat, selon notre correspondante \u00e0 Addis-Abeba,\u00a0<strong>Clothilde Hazard<\/strong>. Et pr\u00e9sente donc un profil plus neutre, d\u00e9di\u00e9 \u00e0 sa mission, davantage qu\u2019\u00e0 ses ambitions personnelles.<\/p>\n<p>Lire la suite sur <a href=\"https:\/\/www.rfi.fr\/fr\/afrique\/20250215-sommet-de-l-union-africaine-le-djiboutien-mahamoud-ali-youssouf-nomm%C3%A9-%C3%A0-la-t%C3%AAte-de-la-commission?utm_medium=email&amp;utm_campaign=newsletter&amp;utm_source=rfi-nl-afrique-fr&amp;utm_email_send_date=%2020250216&amp;utm_email_recipient=245770&amp;utm_email_link=contenus&amp;_ope=eyJndWlkIjoiOTMwMjIwNGY3ZmZhNzMxODU0NDI3OTA1ZjdiOTc4NGUifQ%3D%3D\">Sommet de l\u2019Union africaine: le Djiboutien Mahamoud Ali Youssouf nomm\u00e9 \u00e0 la t\u00eate de la Commission<\/a><\/p>\n","protected":false},"excerpt":{"rendered":"<p>Le candidat Djiboutien Mahamoud Ali Youssouf vient d\u2019\u00eatre \u00e9lu pr\u00e9sident de la Commission africaine de l\u2019Union africaine (UA), \u00e0 Addis-Abeba, ce samedi apr\u00e8s-midi 15 f\u00e9vrier. Il l\u2019a emport\u00e9 au 7\u1d49 tour avec 33 voix sur 49. L&#8217;actuel ministre des Affaires \u00e9trang\u00e8res du pr\u00e9sident djiboutien succ\u00e8dera au Tchadien Moussa Faki Mahamat dont le second mandat \u00e0 &hellip;<\/p>\n","protected":false},"author":2,"featured_media":14125,"comment_status":"open","ping_status":"open","sticky":false,"template":"","format":"standard","meta":{"footnotes":""},"categories":[18,29],"tags":[],"class_list":["post-14124","post","type-post","status-publish","format-standard","has-post-thumbnail","hentry","category-actualites","category-monde"],"_links":{"self":[{"href":"https:\/\/ladepeche.mr\/index.php?rest_route=\/wp\/v2\/posts\/14124","targetHints":{"allow":["GET"]}}],"collection":[{"href":"https:\/\/ladepeche.mr\/index.php?rest_route=\/wp\/v2\/posts"}],"about":[{"href":"https:\/\/ladepeche.mr\/index.php?rest_route=\/wp\/v2\/types\/post"}],"author":[{"embeddable":true,"href":"https:\/\/ladepeche.mr\/index.php?rest_route=\/wp\/v2\/users\/2"}],"replies":[{"embeddable":true,"href":"https:\/\/ladepeche.mr\/index.php?rest_route=%2Fwp%2Fv2%2Fcomments&post=14124"}],"version-history":[{"count":1,"href":"https:\/\/ladepeche.mr\/index.php?rest_route=\/wp\/v2\/posts\/14124\/revisions"}],"predecessor-version":[{"id":14126,"href":"https:\/\/ladepeche.mr\/index.php?rest_route=\/wp\/v2\/posts\/14124\/revisions\/14126"}],"wp:featuredmedia":[{"embeddable":true,"href":"https:\/\/ladepeche.mr\/index.php?rest_route=\/wp\/v2\/media\/14125"}],"wp:attachment":[{"href":"https:\/\/ladepeche.mr\/index.php?rest_route=%2Fwp%2Fv2%2Fmedia&parent=14124"}],"wp:term":[{"taxonomy":"category","embeddable":true,"href":"https:\/\/ladepeche.mr\/index.php?rest_route=%2Fwp%2Fv2%2Fcategories&post=14124"},{"taxonomy":"post_tag","embeddable":true,"href":"https:\/\/ladepeche.mr\/index.php?rest_route=%2Fwp%2Fv2%2Ftags&post=14124"}],"curies":[{"name":"wp","href":"https:\/\/api.w.org\/{rel}","templated":true}]}}