{"id":14134,"date":"2025-02-17T16:27:23","date_gmt":"2025-02-17T16:27:23","guid":{"rendered":"https:\/\/ladepeche.mr\/?p=14134"},"modified":"2025-02-17T21:14:47","modified_gmt":"2025-02-17T21:14:47","slug":"passage-de-temoin-au-sommet-de-lua-mission-accomplie-pour-ghazaouani","status":"publish","type":"post","link":"https:\/\/ladepeche.mr\/?p=14134","title":{"rendered":"Passage de t\u00e9moin au sommet de l\u2019Ua\u00a0: Mission accomplie pour Ghazaouani"},"content":{"rendered":"<p>Le pr\u00e9sident Ghazouani pourra souffler un peu apr\u00e8s son mandat marathon \u00e0 la t\u00eate de l\u2019UA. Une pr\u00e9sidence qu\u2019il a assum\u00e9e avec, au finish, la conscience d\u2019une mission accomplie.<\/p>\n<p>C\u2019est au petit matin, ce dimanche, que le pr\u00e9sident de la R\u00e9publique, \u00e0 la t\u00eate d\u2019une forte d\u00e9l\u00e9gation du gouvernement, a regagn\u00e9 Nouakchott. Le pr\u00e9sident qui avait effectu\u00e9 un long s\u00e9jour, d\u2019abord pour des raisons m\u00e9dicales en Espagne, suivi de son voyage officiel \u00e0 Adis Abeba pour prendre part au 38<sup>\u00e8me<\/sup> sommet des Chefs d\u2019Etat de l\u2019Union Africaine d\u2019o\u00f9 il revient avec la conscience d\u2019une mission accomplie.<\/p>\n<p>Un sentiment partag\u00e9 par ses pairs et notamment par le pr\u00e9sident K\u00e9nyan qui n\u2019a pas tari d\u2019\u00e9loges sur la sagesse et le leadership du pr\u00e9sident Ghazouani. \u00a0\u00ab <em>Alors que le rideau tombe sur votre \u00e9minente pr\u00e9sidence de l\u2019Union africaine, j\u2019ai l\u2019honneur de vous adresser mes remerciements, mon appr\u00e9ciation et mes sinc\u00e8res f\u00e9licitations pour votre leadership exemplaire au service du continent, un service que vous avez assur\u00e9 avec d\u00e9vouement, sagesse et vision<\/em> \u00bb, un vibrant homme que le pr\u00e9sident kenyan, William Ruto, t\u00e9moigne au pr\u00e9sident Ghazouani.<\/p>\n<p>Le pr\u00e9sident, Mohamed Ould Ghazouani, a, en effet, proc\u00e9d\u00e9 \u00e0 l\u2019issue de ce sommet d\u2019un passage de t\u00e9moin de la pr\u00e9sidence de l\u2019UA au pr\u00e9sident angolais\u00a0<strong>Jo\u00e3o Louren\u00e7o<\/strong>. Une ann\u00e9e au cours de laquelle, le pr\u00e9sident n\u2019a m\u00e9nag\u00e9 ni son temps, ni son agenda pour porter la voix de notre Continent et d\u00e9fendre ses int\u00e9r\u00eats.<\/p>\n<p>Le pr\u00e9sident Ghazouani, qui a entam\u00e9 sa mission panafricaine comme un choix consensuel, savait que le d\u00e9fi \u00e9tait l\u00e0. \u00ab\u00a0<em>Notre prise de fonction \u00e0 la t\u00eate de l\u2019Union Africaine est intervenue dans un contexte international et continental particuli\u00e8rement complexe et d\u00e9licat<\/em>\u00a0\u00bb, rappelle le pr\u00e9sident dans son dernier discours pour exorciser les vieux d\u00e9mons. Un discours f\u00e9d\u00e9rateur que le pr\u00e9sident Ghazouani a voulu imprimer aux relations interafricains et pour sensibiliser ses pairs africains aux enjeux \u00e0 venir pour notre Continent insistant notamment sur les attentes de l\u2019adoption du second plan d\u00e9cennal issu de l\u2019agenda 2063 \u00e0 \u00ab\u00a0<em>concr\u00e9tiser nos ambitions pour une Afrique prosp\u00e8re, malgr\u00e9 les nombreux obstacles et d\u00e9fis colossaux auxquels nous sommes confront\u00e9s.<\/em>\u00a0\u00bb. Des d\u00e9fis que le pr\u00e9sident mauritanien a point\u00e9 comme impactant le d\u00e9veloppement \u00e9conomique et social de notre continent. <em>\u00ab\u00a0<\/em><em>L\u2019Afrique, confront\u00e9e \u00e0 des d\u00e9fis majeurs tels que la pauvret\u00e9, le ch\u00f4mage, la pr\u00e9carit\u00e9 des syst\u00e8mes \u00e9ducatifs et de sant\u00e9, et la vuln\u00e9rabilit\u00e9 \u00e9conomique, subit \u00e9galement les effets d\u00e9vastateurs du changement climatique, de l\u2019ins\u00e9curit\u00e9 et des conflits arm\u00e9s qui fragilisent sa stabilit\u00e9 et sa coh\u00e9sion sociale<\/em><em>\u00a0\u00bb <\/em>souligne-t-il.<\/p>\n<p>Le pr\u00e9sident Ghazaouni a par ailleurs mis en garde contre les nouveaux paradigmes n\u00e9s de nouvelles donnes dans les relations internationales, exacerb\u00e9es par \u00ab\u00a0une multiplication des crises, une expansion des conflits et une remise en cause des valeurs et principes fondateurs du syst\u00e8me international issu de la Seconde Guerre mondiale.\u00a0\u00bb. Un unilat\u00e9ralisme qui se met en place et \u00ab\u00a0dont contours et les cons\u00e9quences restent incertains.\u00a0\u00bb pr\u00e9vient le pr\u00e9sident Ghazouani. A ce stade, il faut franchement le dire. Le pr\u00e9sident mauritanien n\u2019a pas eu peur des mots en rappelant d\u2019embl\u00e9e que \u00ab\u00a0<em>ces derni\u00e8res ann\u00e9es ont \u00e9t\u00e9 marqu\u00e9es par une recrudescence de la violence et de la barbarie, atteignant un niveau in\u00e9dit depuis la Seconde Guerre mondiale. La situation tragique en Palestine occup\u00e9e en est une illustration poignante<\/em>.\u00a0\u00bb<\/p>\n<p>Il n\u2019y aura, sans doute, aucun discours plus expressif sur le bilan du pr\u00e9sident Ghazoauni aux commandes de l\u2019UA que celui fait par le pr\u00e9sident Kenyan, William Ruto : \u00ab Au cours de votre pr\u00e9sidence, vous avez soutenu la paix et la s\u00e9curit\u00e9 et contribu\u00e9 \u00e0 faire entendre la voix de l\u2019Afrique sur la sc\u00e8ne internationale. Vous avez \u00e9galement donn\u00e9 la priorit\u00e9 \u00e0 l\u2019int\u00e9gration \u00e9conomique en vous concentrant sur la zone de libre-\u00e9change africaine, et vos efforts inlassables pour renforcer la coop\u00e9ration r\u00e9gionale et promouvoir les int\u00e9r\u00eats de l\u2019Afrique ont jet\u00e9 des bases solides pour l\u2019avenir du continent \u00bb. Ce sentiment qui pr\u00e9vaut largement parmi les Chefs d\u2019Etat africain devrait enorgueillir tous les mauritaniens, sans distinction. Car au-del\u00e0 du satisfecit pour le bilan personnel du pr\u00e9sident, \u00e0 mettre au cr\u00e9dit de notre pays, il en va aussi du renforcement de son image de marque et de l\u2019ambition de tout un Peuple vers plus d\u2019affirmation parmi ses pairs africains et arabes.<\/p>\n<p>JD<\/p>\n","protected":false},"excerpt":{"rendered":"<p>Le pr\u00e9sident Ghazouani pourra souffler un peu apr\u00e8s son mandat marathon \u00e0 la t\u00eate de l\u2019UA. Une pr\u00e9sidence qu\u2019il a assum\u00e9e avec, au finish, la conscience d\u2019une mission accomplie. C\u2019est au petit matin, ce dimanche, que le pr\u00e9sident de la R\u00e9publique, \u00e0 la t\u00eate d\u2019une forte d\u00e9l\u00e9gation du gouvernement, a regagn\u00e9 Nouakchott. Le pr\u00e9sident qui &hellip;<\/p>\n","protected":false},"author":2,"featured_media":14102,"comment_status":"open","ping_status":"open","sticky":false,"template":"","format":"standard","meta":{"footnotes":""},"categories":[18,29],"tags":[],"class_list":["post-14134","post","type-post","status-publish","format-standard","has-post-thumbnail","hentry","category-actualites","category-monde"],"_links":{"self":[{"href":"https:\/\/ladepeche.mr\/index.php?rest_route=\/wp\/v2\/posts\/14134","targetHints":{"allow":["GET"]}}],"collection":[{"href":"https:\/\/ladepeche.mr\/index.php?rest_route=\/wp\/v2\/posts"}],"about":[{"href":"https:\/\/ladepeche.mr\/index.php?rest_route=\/wp\/v2\/types\/post"}],"author":[{"embeddable":true,"href":"https:\/\/ladepeche.mr\/index.php?rest_route=\/wp\/v2\/users\/2"}],"replies":[{"embeddable":true,"href":"https:\/\/ladepeche.mr\/index.php?rest_route=%2Fwp%2Fv2%2Fcomments&post=14134"}],"version-history":[{"count":2,"href":"https:\/\/ladepeche.mr\/index.php?rest_route=\/wp\/v2\/posts\/14134\/revisions"}],"predecessor-version":[{"id":14173,"href":"https:\/\/ladepeche.mr\/index.php?rest_route=\/wp\/v2\/posts\/14134\/revisions\/14173"}],"wp:featuredmedia":[{"embeddable":true,"href":"https:\/\/ladepeche.mr\/index.php?rest_route=\/wp\/v2\/media\/14102"}],"wp:attachment":[{"href":"https:\/\/ladepeche.mr\/index.php?rest_route=%2Fwp%2Fv2%2Fmedia&parent=14134"}],"wp:term":[{"taxonomy":"category","embeddable":true,"href":"https:\/\/ladepeche.mr\/index.php?rest_route=%2Fwp%2Fv2%2Fcategories&post=14134"},{"taxonomy":"post_tag","embeddable":true,"href":"https:\/\/ladepeche.mr\/index.php?rest_route=%2Fwp%2Fv2%2Ftags&post=14134"}],"curies":[{"name":"wp","href":"https:\/\/api.w.org\/{rel}","templated":true}]}}