{"id":14136,"date":"2025-02-17T18:00:04","date_gmt":"2025-02-17T18:00:04","guid":{"rendered":"https:\/\/ladepeche.mr\/?p=14136"},"modified":"2025-02-17T18:05:31","modified_gmt":"2025-02-17T18:05:31","slug":"le-maroc-demeure-engage-pour-une-action-africaine-commune-au-service-des-causes-nobles-de-lafrique-et-des-interets-vitaux-de-ses-citoyens","status":"publish","type":"post","link":"https:\/\/ladepeche.mr\/?p=14136","title":{"rendered":"Le Maroc demeure engag\u00e9 pour une action africaine commune au service des causes nobles de l\u2019Afrique et des int\u00e9r\u00eats vitaux de ses citoyens"},"content":{"rendered":"<p>Addis-Abeba \u2013 Le Maroc demeure engag\u00e9 pour une action africaine commune au service des causes nobles de l\u2019Afrique et des int\u00e9r\u00eats vitaux de ses citoyens. Le Sommet de l\u2019Union africaine (UA) de f\u00e9vrier 2025 s\u2019est pench\u00e9 sur plusieurs questions, relatives notamment \u00e0 la paix et la s\u00e9curit\u00e9, l\u2019int\u00e9gration continentale, la s\u00e9curit\u00e9 sanitaire et les changements climatiques, en plus du renouv\u00e8lement du leadership de la Commission de l\u2019Union africaine.<\/p>\n<p>L\u2019ordre du jour de cette \u00e9ch\u00e9ance \u00e9tait \u00e9galement caract\u00e9ris\u00e9 par l\u2019absence de la question du Sahara marocain et ce, au grand dam des adversaires de l\u2019int\u00e9grit\u00e9 territoriale du Royaume. Ainsi, l\u2019organisation panafricaine a confirm\u00e9 sa posture visant \u00e0 concentrer ses efforts sur le traitement des questions urgentes et prioritaires pour l\u2019Afrique et rompre, par cons\u00e9quent, avec son instrumentalisation en tant que plateforme d\u00e9di\u00e9e au service d\u2019agendas restreints et des vis\u00e9es politiques malsaines de certains.<\/p>\n<p>A l\u2019instar des ann\u00e9es pr\u00e9c\u00e9dentes, la participation du Maroc aux travaux de cette session de la Conf\u00e9rence s\u2019est illustr\u00e9e par une contribution substantielle et \u00e0 forte valeur ajout\u00e9e au titre des r\u00e9unions et des \u00e9v\u00e8nements de haut niveau ayant couvert plusieurs th\u00e9matiques. Dans cette optique, le Maroc a pris part notamment \u00e0 la r\u00e9union du Conseil de Paix et de S\u00e9curit\u00e9 de l\u2019UA au niveau des Chefs d\u2019\u00c9tat et de Gouvernement sur la situation au Soudan et la crise \u00e0 l\u2019Est de la RDC, lors de laquelle le CPS a endoss\u00e9 \u00e0 l\u2019unanimit\u00e9 la proposition marocaine d\u2019observer une tr\u00eave humanitaire au Soudan, durant le mois sacr\u00e9 du Ramadan, afin de permettre l\u2019acc\u00e8s \u00e0 l\u2019aide humanitaire et ce, sans restriction, ni discrimination. Le Maroc a \u00e9galement pris part \u00e0 la r\u00e9union de haut niveau sur le financement de la sant\u00e9, lors de laquelle le Maroc a annonc\u00e9 une contribution substantielle dans l\u2019objectif du renforcement de la s\u00e9curit\u00e9 sanitaire au sein du continent.<\/p>\n<p>Huit ann\u00e9es se sont \u00e9coul\u00e9es depuis le retour du Maroc \u00e0 sa famille institutionnelle africaine. Une dur\u00e9e courte dans la vie des institutions multilat\u00e9rales mais qui \u00e9tait suffisante pour que le Maroc puisse, gr\u00e2ce \u00e0 une Vision Royale \u00e9clair\u00e9e et proactive, se r\u00e9affirmer comme un acteur cl\u00e9 au sein de l\u2019institution panafricaine, dont les actions et les initiatives jouissent de l\u2019adh\u00e9sion collective et dont la cr\u00e9dibilit\u00e9 lui a valu la confiance des forces vives de l\u2019Union \u00e0 diff\u00e9rents \u00e9gards.<\/p>\n<p>Ainsi, l\u2019Union africaine a d\u00e9sign\u00e9, en 2018, Sa Majest\u00e9 le Roi Mohammed VI, Que Dieu L\u2019assiste, en tant que Leader sur la question de la Migration et a choisi Rabat pour abriter l\u2019observatoire africain pour les migrations. Aussi, les initiatives Royales aff\u00e9rentes aux questions du climat, lanc\u00e9es en 2016 lors du Sommet Africain pour l\u2019Action, repr\u00e9sentent toujours une \u00ab success story \u00bb et un r\u00e9f\u00e9rentiel clair pour les pays africains dans le cadre de leur qu\u00eate collective en vue de construire un mod\u00e8le africain de r\u00e9silience climatique.<\/p>\n<p>En outre, les pays africains ont \u00e9lu le Maroc comme membre du Conseil de Paix et de S\u00e9curit\u00e9 au titre de deux mandats, 2018-2020 et 2022-2025, lors desquelles le Royaume a assur\u00e9 la pr\u00e9sidence de cet organe important \u00e0 trois reprises et a lanc\u00e9 des initiatives innovantes, in\u00e9dites et concr\u00e8tes qui s\u2019inspirent de la Vision Royale visant \u00e0 servir les int\u00e9r\u00eats vitaux du citoyen africain en termes de paix, de s\u00e9curit\u00e9 et de d\u00e9veloppement. A cet \u00e9gard, la D\u00e9claration de Tanger, issue de la Conf\u00e9rence de Tanger sur la promotion de la Paix, la S\u00e9curit\u00e9 et le D\u00e9veloppement, a \u00e9t\u00e9 endoss\u00e9e \u00e0 l\u2019unanimit\u00e9 par la Conf\u00e9rence de l\u2019UA et a constitu\u00e9 un moment charni\u00e8re sur le chemin de la redynamisation de l\u2019approche nexus paix-s\u00e9curit\u00e9-d\u00e9veloppement comme r\u00e9ponse globale, int\u00e9gr\u00e9e et pertinente face aux d\u00e9fis aff\u00e9rents \u00e0 la paix et la s\u00e9curit\u00e9 sur le continent. En outre, cette initiative a f\u00e9d\u00e9r\u00e9 les efforts de toutes les parties prenantes, notamment les \u00c9tats membres, les organes et les institutions financi\u00e8res, les communaut\u00e9s \u00e9conomiques r\u00e9gionales, les agences de l\u2019ONU et les organisations de la soci\u00e9t\u00e9 civile.<\/p>\n<p>Par ailleurs, le Maroc a mis en place un programme de formation sp\u00e9cialis\u00e9e pour les observateurs \u00e9lectoraux de l\u2019UA et ce, dans l\u2019objectif de promouvoir le processus d\u00e9mocratique sur le continent africain.<\/p>\n<p>Le Royaume a aussi r\u00e9ussi \u00e0 assurer la pr\u00e9sence de profils hautement qualifi\u00e9s au niveau des diff\u00e9rentes structures de la Commission de l\u2019Union africaine comme le poste de Directeur G\u00e9n\u00e9ral de la CUA, qui constitue une position manag\u00e9riale cl\u00e9 au sein de cette derni\u00e8re, ainsi que d\u2019autres positions d\u2019importance strat\u00e9gique. Sur un autre registre, le Maroc a acc\u00e9d\u00e9 \u00e0 la pr\u00e9sidence et \u00e0 la vice-pr\u00e9sidence d\u2019organes importants au sein de l\u2019Union. Dans ce sens, il a assur\u00e9 la Pr\u00e9sidence, au niveau minist\u00e9riel, du Comit\u00e9 Technique Sp\u00e9cialis\u00e9 sur les questions \u00e9conomiques, et la Vice-Pr\u00e9sidence du CTS sur la fonction publique, les collectivit\u00e9s territoriales, le d\u00e9veloppement urbain et la d\u00e9centralisation. Aussi, il a assur\u00e9 la pr\u00e9sidence du sous-comit\u00e9 sur les questions \u00e9conomiques et la Vice-Pr\u00e9sidence du sous-comit\u00e9 sur les questions environnementales.<\/p>\n<p>Fort de son ancrage historique dans l\u2019\u00e9difice institutionnel africain, en \u00e9tant l\u2019un de ses membres fondateurs, et de son engagement r\u00e9solu et constant au service des causes nobles du continent africain, le Maroc poursuivra r\u00e9solument et avec d\u00e9termination sa contribution constructive et \u00e0 forte valeur ajout\u00e9e \u00e0 l\u2019action africaine commune dans le cadre du processus intergouvernemental, \u00e0 relever les d\u00e9fis qui persistent au sein de l\u2019organisation panafricaine en termes de renforcement de la bonne gouvernance administrative et financi\u00e8re et \u00e0 contrecarrer toutes les tentatives visant \u00e0 freiner l\u2019\u00e9lan de r\u00e9forme au sein de l\u2019Union Africaine.<\/p>\n<p>Les efforts du Maroc au sein de l\u2019institution visent principalement \u00e0 concr\u00e9tiser la Vision Royale qui consiste \u00e0 placer les causes nobles de l\u2019Afrique et les int\u00e9r\u00eats vitaux du citoyen africain en mati\u00e8re de paix, de s\u00e9curit\u00e9 et du d\u00e9veloppement au centre de l\u2019agenda panafricain et de donner le leadership au continent africain pour qu\u2019il puisse porter haut la voix de l\u2019Afrique \u00e0 l\u2019\u00e9chelle internationale.<\/p>\n<p>MAP<\/p>\n","protected":false},"excerpt":{"rendered":"<p>Addis-Abeba \u2013 Le Maroc demeure engag\u00e9 pour une action africaine commune au service des causes nobles de l\u2019Afrique et des int\u00e9r\u00eats vitaux de ses citoyens. Le Sommet de l\u2019Union africaine (UA) de f\u00e9vrier 2025 s\u2019est pench\u00e9 sur plusieurs questions, relatives notamment \u00e0 la paix et la s\u00e9curit\u00e9, l\u2019int\u00e9gration continentale, la s\u00e9curit\u00e9 sanitaire et les changements &hellip;<\/p>\n","protected":false},"author":2,"featured_media":14139,"comment_status":"open","ping_status":"open","sticky":false,"template":"","format":"standard","meta":{"footnotes":""},"categories":[18,29],"tags":[],"class_list":["post-14136","post","type-post","status-publish","format-standard","has-post-thumbnail","hentry","category-actualites","category-monde"],"_links":{"self":[{"href":"https:\/\/ladepeche.mr\/index.php?rest_route=\/wp\/v2\/posts\/14136","targetHints":{"allow":["GET"]}}],"collection":[{"href":"https:\/\/ladepeche.mr\/index.php?rest_route=\/wp\/v2\/posts"}],"about":[{"href":"https:\/\/ladepeche.mr\/index.php?rest_route=\/wp\/v2\/types\/post"}],"author":[{"embeddable":true,"href":"https:\/\/ladepeche.mr\/index.php?rest_route=\/wp\/v2\/users\/2"}],"replies":[{"embeddable":true,"href":"https:\/\/ladepeche.mr\/index.php?rest_route=%2Fwp%2Fv2%2Fcomments&post=14136"}],"version-history":[{"count":2,"href":"https:\/\/ladepeche.mr\/index.php?rest_route=\/wp\/v2\/posts\/14136\/revisions"}],"predecessor-version":[{"id":14138,"href":"https:\/\/ladepeche.mr\/index.php?rest_route=\/wp\/v2\/posts\/14136\/revisions\/14138"}],"wp:featuredmedia":[{"embeddable":true,"href":"https:\/\/ladepeche.mr\/index.php?rest_route=\/wp\/v2\/media\/14139"}],"wp:attachment":[{"href":"https:\/\/ladepeche.mr\/index.php?rest_route=%2Fwp%2Fv2%2Fmedia&parent=14136"}],"wp:term":[{"taxonomy":"category","embeddable":true,"href":"https:\/\/ladepeche.mr\/index.php?rest_route=%2Fwp%2Fv2%2Fcategories&post=14136"},{"taxonomy":"post_tag","embeddable":true,"href":"https:\/\/ladepeche.mr\/index.php?rest_route=%2Fwp%2Fv2%2Ftags&post=14136"}],"curies":[{"name":"wp","href":"https:\/\/api.w.org\/{rel}","templated":true}]}}