{"id":14151,"date":"2025-02-17T18:30:46","date_gmt":"2025-02-17T18:30:46","guid":{"rendered":"https:\/\/ladepeche.mr\/?p=14151"},"modified":"2025-02-17T18:03:26","modified_gmt":"2025-02-17T18:03:26","slug":"securite-la-cmilt-organise-un-atelier-sur-le-terrorisme","status":"publish","type":"post","link":"https:\/\/ladepeche.mr\/?p=14151","title":{"rendered":"S\u00e9curit\u00e9: La CMILT organise un atelier sur le terrorisme"},"content":{"rendered":"<p>D\u00e9marrage, lundi \u00e0 Nouakchott, d\u2019un atelier sous le th\u00e8me : \u2018\u2019les causes du terrorisme et les facteurs conduisant \u00e0 la sympathie pour celui-ci\u2019\u2019, organis\u00e9 en partenariat avec la Coalition militaire islamique de lutte contre le terrorisme (CMILT) et les minist\u00e8res de la D\u00e9fense, des Retrait\u00e9s et des Enfants des martyrs, des Affaires islamiques et de l\u2019Enseignement originel.<\/p>\n<p>Cette rencontre, de trois jours, \u00e0 laquelle prennent part 30 participants, vise \u00e0 approfondir la compr\u00e9hension du ph\u00e9nom\u00e8ne du terrorisme et de ses causes, \u00e0 \u00e9changer des exp\u00e9riences et des connaissances sur le th\u00e8me de l\u2019atelier, \u00e0 d\u00e9velopper une vision des solutions les plus efficaces pour \u00e9radiquer ce ph\u00e9nom\u00e8ne de la r\u00e9gion africaine du Sahel, et \u00e0 pr\u00e9voir l\u2019avenir. S\u2019exprimant au<\/p>\n<p><img loading=\"lazy\" decoding=\"async\" class=\"wp-image-265161 alignleft b-loaded\" src=\"https:\/\/ami.mr\/fr\/wp-content\/uploads\/2025\/02\/111-300x234.jpg\" sizes=\"auto, (max-width: 176px) 100vw, 176px\" srcset=\"https:\/\/ami.mr\/fr\/wp-content\/uploads\/2025\/02\/111-300x234.jpg 300w, https:\/\/ami.mr\/fr\/wp-content\/uploads\/2025\/02\/111-368x288.jpg 368w, https:\/\/ami.mr\/fr\/wp-content\/uploads\/2025\/02\/111.jpg 370w\" alt=\"\" width=\"176\" height=\"137\" \/><\/p>\n<p>nom du ministre de la D\u00e9fense, des Retrait\u00e9s et des Enfants des Martyrs, le commandant du Coll\u00e8ge national de Commandement et d\u2019Etat-major, le colonel Sidi Mohamed Ould Hammadi, a indiqu\u00e9 que la rencontre s\u2019inscrit dans le cadre du programme de la Coalition militaire islamique de lutte contre le terrorisme au Sahel qui sera mis en \u0153uvre en Mauritanie.<\/p>\n<p>Il a ajout\u00e9 que le ph\u00e9nom\u00e8ne du terrorisme et la sympathie pour celui-ci constituent toujours un d\u00e9fi majeur pour la s\u00e9curit\u00e9 de tous les pays du monde, en raison de la menace qu\u2019il repr\u00e9sente pour la s\u00e9curit\u00e9 nationale, indiquant qu\u2019il est crucial de capitaliser les exp\u00e9riences dans le domaine de la connaissance des causes de ce ph\u00e9nom\u00e8ne et des facteurs conduisant \u00e0 la sympathie pour celui-ci.<\/p>\n<p><img loading=\"lazy\" decoding=\"async\" class=\"wp-image-265160 alignleft b-loaded\" src=\"https:\/\/ami.mr\/fr\/wp-content\/uploads\/2025\/02\/22222-300x234.jpg\" sizes=\"auto, (max-width: 174px) 100vw, 174px\" srcset=\"https:\/\/ami.mr\/fr\/wp-content\/uploads\/2025\/02\/22222-300x234.jpg 300w, https:\/\/ami.mr\/fr\/wp-content\/uploads\/2025\/02\/22222-279x220.jpg 279w, https:\/\/ami.mr\/fr\/wp-content\/uploads\/2025\/02\/22222-368x288.jpg 368w, https:\/\/ami.mr\/fr\/wp-content\/uploads\/2025\/02\/22222.jpg 370w\" alt=\"\" width=\"174\" height=\"136\" \/><\/p>\n<p>De son c\u00f4t\u00e9, le superviseur scientifique \u00e0 la direction intellectuelle de la Coalition, M. Yahya ben Mohamed Ebou Moughaid, a exprim\u00e9 sa joie de participer \u00e0 l\u2019organisation de cette rencontre, soulignant que l\u2019alliance cherche \u00e0 travers cet atelier \u00e0 d\u00e9couvrir les causes et les solutions, capitalisant les exp\u00e9riences et les connaissances entre les \u00c9tats membres, les centres de recherche et les universit\u00e9s sp\u00e9cialis\u00e9es sur les causes du ph\u00e9nom\u00e8ne et les solutions les plus efficaces pour l\u2019\u00e9liminer d\u00e9finitivement.<\/p>\n<p>Pour atteindre ces objectifs, l\u2019Alliance entend accro\u00eetre les capacit\u00e9s des \u00c9tats membres, se tournant vers l\u2019avenir afin de trouver des solutions qui mettent d\u00e9finitivement fin \u00e0 ce probl\u00e8me toute somme complexe.<\/p>\n<p>Les participants \u00e0 la rencontre, la deuxi\u00e8me du genre apr\u00e8s la formation sur les risques du terrorisme et du blanchiment d\u2019argent, en plus des m\u00e9thodes de lutte contre ceux-ci, suivront une s\u00e9rie de pr\u00e9sentations sur le th\u00e8me de l\u2019atelier pr\u00e9sent\u00e9es par Dr. Madi Ibrahim Kant\u00e9, enseignant-chercheur \u00e0 l\u2019Universit\u00e9 des sciences juridiques et politiques de Bamako, ma\u00eetre de conf\u00e9rences au Coll\u00e8ge militaire du Mali.<\/p>\n<p>L\u2019ouverture de l\u2019atelier s\u2019est d\u00e9roul\u00e9e en pr\u00e9sence de responsables des d\u00e9partements de la D\u00e9fense, des Retrait\u00e9s, des Enfants de Martyrs, des Affaires islamiques et de l\u2019Enseignement originel, au c\u00f4t\u00e9 de la Coalition militaire islamique de lutte contre le terrorisme au Sahel.<\/p>\n<p>Ami<\/p>\n","protected":false},"excerpt":{"rendered":"<p>D\u00e9marrage, lundi \u00e0 Nouakchott, d\u2019un atelier sous le th\u00e8me : \u2018\u2019les causes du terrorisme et les facteurs conduisant \u00e0 la sympathie pour celui-ci\u2019\u2019, organis\u00e9 en partenariat avec la Coalition militaire islamique de lutte contre le terrorisme (CMILT) et les minist\u00e8res de la D\u00e9fense, des Retrait\u00e9s et des Enfants des martyrs, des Affaires islamiques et de &hellip;<\/p>\n","protected":false},"author":2,"featured_media":14152,"comment_status":"open","ping_status":"open","sticky":false,"template":"","format":"standard","meta":{"footnotes":""},"categories":[18,29],"tags":[],"class_list":["post-14151","post","type-post","status-publish","format-standard","has-post-thumbnail","hentry","category-actualites","category-monde"],"_links":{"self":[{"href":"https:\/\/ladepeche.mr\/index.php?rest_route=\/wp\/v2\/posts\/14151","targetHints":{"allow":["GET"]}}],"collection":[{"href":"https:\/\/ladepeche.mr\/index.php?rest_route=\/wp\/v2\/posts"}],"about":[{"href":"https:\/\/ladepeche.mr\/index.php?rest_route=\/wp\/v2\/types\/post"}],"author":[{"embeddable":true,"href":"https:\/\/ladepeche.mr\/index.php?rest_route=\/wp\/v2\/users\/2"}],"replies":[{"embeddable":true,"href":"https:\/\/ladepeche.mr\/index.php?rest_route=%2Fwp%2Fv2%2Fcomments&post=14151"}],"version-history":[{"count":1,"href":"https:\/\/ladepeche.mr\/index.php?rest_route=\/wp\/v2\/posts\/14151\/revisions"}],"predecessor-version":[{"id":14153,"href":"https:\/\/ladepeche.mr\/index.php?rest_route=\/wp\/v2\/posts\/14151\/revisions\/14153"}],"wp:featuredmedia":[{"embeddable":true,"href":"https:\/\/ladepeche.mr\/index.php?rest_route=\/wp\/v2\/media\/14152"}],"wp:attachment":[{"href":"https:\/\/ladepeche.mr\/index.php?rest_route=%2Fwp%2Fv2%2Fmedia&parent=14151"}],"wp:term":[{"taxonomy":"category","embeddable":true,"href":"https:\/\/ladepeche.mr\/index.php?rest_route=%2Fwp%2Fv2%2Fcategories&post=14151"},{"taxonomy":"post_tag","embeddable":true,"href":"https:\/\/ladepeche.mr\/index.php?rest_route=%2Fwp%2Fv2%2Ftags&post=14151"}],"curies":[{"name":"wp","href":"https:\/\/api.w.org\/{rel}","templated":true}]}}