{"id":14154,"date":"2025-02-17T19:00:51","date_gmt":"2025-02-17T19:00:51","guid":{"rendered":"https:\/\/ladepeche.mr\/?p=14154"},"modified":"2025-02-17T18:24:47","modified_gmt":"2025-02-17T18:24:47","slug":"lua-condamne-le-genocide-israelien-contre-les-palestiniens","status":"publish","type":"post","link":"https:\/\/ladepeche.mr\/?p=14154","title":{"rendered":"L\u2019UA condamne le \u201cg\u00e9nocide\u201d isra\u00e9lien contre les Palestiniens"},"content":{"rendered":"<p>\u201cIsra\u00ebl commet un g\u00e9nocide contre les Palestiniens et doit \u00eatre poursuivi au niveau international\u201d, indique la d\u00e9claration finale du Sommet qui s\u2019est tenu les 15 et 16 f\u00e9vrier.<\/p>\n<div>\n<div>\n<p>Les dirigeants de l\u2019UA rassembl\u00e9s \u00e0 Addis Abeba ont \u00e0 ce titre appel\u00e9 \u00e0 la fin de la coop\u00e9ration et de la normalisation avec Isra\u00ebl jusqu\u2019\u00e0 ce qu\u2019il mette fin \u00e0 son occupation et \u00e0 son agression contre la Palestine.<\/p>\n<\/div>\n<\/div>\n<div>\n<div>\n<p><strong>Des positions \u201chonorables\u201d<\/strong><\/p>\n<\/div>\n<\/div>\n<div>\n<div>\n<p>Le minist\u00e8re palestinien des Affaires \u00e9trang\u00e8res a salu\u00e9 la d\u00e9claration de l&#8217;UA.<\/p>\n<\/div>\n<\/div>\n<div>\n<p>Dans un post sur X, le minist\u00e8re a d\u00e9clar\u00e9 qu\u2019il se f\u00e9licitait des \u201cpositions honorables des dirigeants africains sur l\u2019occupation et l\u2019agression isra\u00e9liennes, ainsi que sur le g\u00e9nocide contre notre peuple et du rejet par le sommet des plans de d\u00e9placement et d\u2019annexion\u201d.<\/p>\n<div>\n<div>\n<p>A l\u2019issue de leur sommet dimanche \u00e0 Addis-Abeba, la capitale \u00e9thiopienne, les dirigeants des pays africains ont appel\u00e9 les \u00c9tats membres de l\u2019Union africaine \u00e0 mettre fin \u00e0 toute forme de coop\u00e9ration avec Isra\u00ebl, conform\u00e9ment aux r\u00e9solutions internationales condamnant les pratiques d\u2019occupation.<\/p>\n<\/div>\n<\/div>\n<div>\n<div>\n<p>Dans sa d\u00e9claration finale, l&#8217;Union a exprim\u00e9 son plein soutien \u00e0 l&#8217;adh\u00e9sion \u00e0 part enti\u00e8re de la Palestine aux Nations Unies, et a \u00e9galement fermement condamn\u00e9 la guerre isra\u00e9lienne contre Gaza, la qualifiant d&#8217;agression \u201cbarbare\u201d.<\/p>\n<\/div>\n<\/div>\n<div>\n<div>\n<p>Les participants au sommet ont appel\u00e9 la communaut\u00e9 internationale \u00e0 intervenir d\u2019urgence pour mettre fin \u00e0 \u201cla catastrophe humanitaire \u00e0 laquelle le peuple palestinien est expos\u00e9 et \u00e0 lever imm\u00e9diatement le si\u00e8ge impos\u00e9 \u00e0 la bande de Gaza\u201d.<\/p>\n<\/div>\n<\/div>\n<div>\n<p>Le sommet a accus\u00e9 Isra\u00ebl d&#8217;avoir commis un g\u00e9nocide contre les Palestiniens, appelant \u00e0 ce qu&#8217;il soit tenu internationalement responsable de ses violations du droit international, incarn\u00e9es notamment par les attaques cibl\u00e9es contre les civils et les infrastructures.<\/p>\n<div>\n<div>\n<p><strong>Droits des Palestiniens<\/strong><\/p>\n<\/div>\n<\/div>\n<div>\n<div>\n<p>La d\u00e9claration finale souligne le ferme soutien de l&#8217;Union africaine au droit du peuple palestinien \u00e0 l&#8217;autod\u00e9termination, appelant \u00e0 la lib\u00e9ration imm\u00e9diate de tous les prisonniers palestiniens, en particulier des femmes et des enfants, \u00e0 la n\u00e9cessit\u00e9 de mettre fin \u00e0 l&#8217;occupation et au retrait complet des territoires occup\u00e9s en 1967.<\/p>\n<\/div>\n<\/div>\n<div>\n<p>Le Sommet africain a affirm\u00e9 qu&#8217;une solution politique bas\u00e9e sur la solution \u00e0 deux \u00c9tats est le seul moyen d&#8217;assurer la stabilit\u00e9 dans la r\u00e9gion, appelant la communaut\u00e9 internationale \u00e0 redoubler d&#8217;efforts pour parvenir \u00e0 une paix juste et globale qui mette fin aux souffrances des Palestiniens.<\/p>\n<p>https:\/\/www.trtfrancais.com\/<\/p>\n<\/div>\n<\/div>\n<\/div>\n","protected":false},"excerpt":{"rendered":"<p>\u201cIsra\u00ebl commet un g\u00e9nocide contre les Palestiniens et doit \u00eatre poursuivi au niveau international\u201d, indique la d\u00e9claration finale du Sommet qui s\u2019est tenu les 15 et 16 f\u00e9vrier. Les dirigeants de l\u2019UA rassembl\u00e9s \u00e0 Addis Abeba ont \u00e0 ce titre appel\u00e9 \u00e0 la fin de la coop\u00e9ration et de la normalisation avec Isra\u00ebl jusqu\u2019\u00e0 ce &hellip;<\/p>\n","protected":false},"author":2,"featured_media":14155,"comment_status":"open","ping_status":"open","sticky":false,"template":"","format":"standard","meta":{"footnotes":""},"categories":[18,29],"tags":[],"class_list":["post-14154","post","type-post","status-publish","format-standard","has-post-thumbnail","hentry","category-actualites","category-monde"],"_links":{"self":[{"href":"https:\/\/ladepeche.mr\/index.php?rest_route=\/wp\/v2\/posts\/14154","targetHints":{"allow":["GET"]}}],"collection":[{"href":"https:\/\/ladepeche.mr\/index.php?rest_route=\/wp\/v2\/posts"}],"about":[{"href":"https:\/\/ladepeche.mr\/index.php?rest_route=\/wp\/v2\/types\/post"}],"author":[{"embeddable":true,"href":"https:\/\/ladepeche.mr\/index.php?rest_route=\/wp\/v2\/users\/2"}],"replies":[{"embeddable":true,"href":"https:\/\/ladepeche.mr\/index.php?rest_route=%2Fwp%2Fv2%2Fcomments&post=14154"}],"version-history":[{"count":1,"href":"https:\/\/ladepeche.mr\/index.php?rest_route=\/wp\/v2\/posts\/14154\/revisions"}],"predecessor-version":[{"id":14156,"href":"https:\/\/ladepeche.mr\/index.php?rest_route=\/wp\/v2\/posts\/14154\/revisions\/14156"}],"wp:featuredmedia":[{"embeddable":true,"href":"https:\/\/ladepeche.mr\/index.php?rest_route=\/wp\/v2\/media\/14155"}],"wp:attachment":[{"href":"https:\/\/ladepeche.mr\/index.php?rest_route=%2Fwp%2Fv2%2Fmedia&parent=14154"}],"wp:term":[{"taxonomy":"category","embeddable":true,"href":"https:\/\/ladepeche.mr\/index.php?rest_route=%2Fwp%2Fv2%2Fcategories&post=14154"},{"taxonomy":"post_tag","embeddable":true,"href":"https:\/\/ladepeche.mr\/index.php?rest_route=%2Fwp%2Fv2%2Ftags&post=14154"}],"curies":[{"name":"wp","href":"https:\/\/api.w.org\/{rel}","templated":true}]}}