{"id":14166,"date":"2025-02-17T21:00:02","date_gmt":"2025-02-17T21:00:02","guid":{"rendered":"https:\/\/ladepeche.mr\/?p=14166"},"modified":"2025-02-17T19:40:39","modified_gmt":"2025-02-17T19:40:39","slug":"le-sermon-siderant-du-vice-president-americain-contre-leurope","status":"publish","type":"post","link":"https:\/\/ladepeche.mr\/?p=14166","title":{"rendered":"Le sermon sid\u00e9rant du vice-pr\u00e9sident am\u00e9ricain contre l&#8217;Europe"},"content":{"rendered":"<p data-t=\"{&quot;n&quot;:&quot;blueLinks&quot;}\"><strong>A la Conf\u00e9rence de Munich pour la s\u00e9curit\u00e9, J.D. Vance est venu donner une le\u00e7on de d\u00e9mocratie aux Europ\u00e9ens. Selon le vice-pr\u00e9sident am\u00e9ricain, il est grand temps que l\u2019Europe change de r\u00e9gime\u00a0<\/strong><\/p>\n<p data-t=\"{&quot;n&quot;:&quot;blueLinks&quot;}\">Le vice pr\u00e9sident am\u00e9ricain a g\u00e9n\u00e9r\u00e9 de la sid\u00e9ration avec son discours:<\/p>\n<p class=\"continue-read-break\" data-t=\"{&quot;n&quot;:&quot;blueLinks&quot;}\">&#8220;Tandis que l\u2019administration Trump se pr\u00e9occupe beaucoup de la s\u00e9curit\u00e9 europ\u00e9enne et pense que nous pouvons parvenir \u00e0 un accord raisonnable entre la Russie et l\u2019Ukraine \u2013 tout en consid\u00e9rant qu\u2019il est important, dans les ann\u00e9es \u00e0 venir, que l\u2019Europe prenne de fa\u00e7on significative en main sa propre d\u00e9fense \u2013 la menace qui m\u2019inqui\u00e8te le plus en Europe n\u2019est ni la Russie, ni la Chine, ni celle d\u2019aucun autre acteur ext\u00e9rieur. Ce qui m\u2019inqui\u00e8te, c\u2019est la menace venant de l\u2019int\u00e9rieur. C\u2019est le recul de l\u2019Europe par rapport \u00e0 certaines de ses valeurs les plus fondamentales, les valeurs qu\u2019elle partage avec les \u00c9tats-Unis d\u2019Am\u00e9rique.&#8221;<\/p>\n<p data-t=\"{&quot;n&quot;:&quot;blueLinks&quot;}\">J.D. Vance a lanc\u00e9 qu\u2019il y avait &#8220;un nouveau sh\u00e9rif en ville&#8221;. Il s\u2019appelle Donald Trump et a d\u00e9lib\u00e9r\u00e9ment choisi de cibler ses alli\u00e9s plut\u00f4t que ses ennemis historiques. Le message a parfaitement \u00e9t\u00e9 compris en Russie : &#8220;L&#8217;Europe humili\u00e9e n\u2019est plus dans le jeu&#8221; , a titr\u00e9\u00a0un journal moscovite.<\/p>\n<p data-t=\"{&quot;n&quot;:&quot;blueLinks&quot;}\"><a href=\"https:\/\/www.msn.com\/fr-xl\/actualite\/other\/le-sermon-sid%C3%A9rant-du-vice-pr%C3%A9sident-am%C3%A9ricain-contre-l-europe\/ar-AA1zdNPK?ocid=msedgntp&amp;pc=U531&amp;cvid=46119b337fbf4ba098269dbe62dc2006&amp;ei=9\">Le sermon sid\u00e9rant du vice-pr\u00e9sident am\u00e9ricain contre l&#8217;Europe<\/a><\/p>\n","protected":false},"excerpt":{"rendered":"<p>A la Conf\u00e9rence de Munich pour la s\u00e9curit\u00e9, J.D. Vance est venu donner une le\u00e7on de d\u00e9mocratie aux Europ\u00e9ens. Selon le vice-pr\u00e9sident am\u00e9ricain, il est grand temps que l\u2019Europe change de r\u00e9gime\u00a0 Le vice pr\u00e9sident am\u00e9ricain a g\u00e9n\u00e9r\u00e9 de la sid\u00e9ration avec son discours: &#8220;Tandis que l\u2019administration Trump se pr\u00e9occupe beaucoup de la s\u00e9curit\u00e9 europ\u00e9enne &hellip;<\/p>\n","protected":false},"author":2,"featured_media":14167,"comment_status":"open","ping_status":"open","sticky":false,"template":"","format":"standard","meta":{"footnotes":""},"categories":[18,29],"tags":[],"class_list":["post-14166","post","type-post","status-publish","format-standard","has-post-thumbnail","hentry","category-actualites","category-monde"],"_links":{"self":[{"href":"https:\/\/ladepeche.mr\/index.php?rest_route=\/wp\/v2\/posts\/14166","targetHints":{"allow":["GET"]}}],"collection":[{"href":"https:\/\/ladepeche.mr\/index.php?rest_route=\/wp\/v2\/posts"}],"about":[{"href":"https:\/\/ladepeche.mr\/index.php?rest_route=\/wp\/v2\/types\/post"}],"author":[{"embeddable":true,"href":"https:\/\/ladepeche.mr\/index.php?rest_route=\/wp\/v2\/users\/2"}],"replies":[{"embeddable":true,"href":"https:\/\/ladepeche.mr\/index.php?rest_route=%2Fwp%2Fv2%2Fcomments&post=14166"}],"version-history":[{"count":1,"href":"https:\/\/ladepeche.mr\/index.php?rest_route=\/wp\/v2\/posts\/14166\/revisions"}],"predecessor-version":[{"id":14168,"href":"https:\/\/ladepeche.mr\/index.php?rest_route=\/wp\/v2\/posts\/14166\/revisions\/14168"}],"wp:featuredmedia":[{"embeddable":true,"href":"https:\/\/ladepeche.mr\/index.php?rest_route=\/wp\/v2\/media\/14167"}],"wp:attachment":[{"href":"https:\/\/ladepeche.mr\/index.php?rest_route=%2Fwp%2Fv2%2Fmedia&parent=14166"}],"wp:term":[{"taxonomy":"category","embeddable":true,"href":"https:\/\/ladepeche.mr\/index.php?rest_route=%2Fwp%2Fv2%2Fcategories&post=14166"},{"taxonomy":"post_tag","embeddable":true,"href":"https:\/\/ladepeche.mr\/index.php?rest_route=%2Fwp%2Fv2%2Ftags&post=14166"}],"curies":[{"name":"wp","href":"https:\/\/api.w.org\/{rel}","templated":true}]}}