{"id":1417,"date":"2022-08-11T10:45:20","date_gmt":"2022-08-11T10:45:20","guid":{"rendered":"https:\/\/ladepeche.mr\/?p=1417"},"modified":"2022-08-11T10:25:51","modified_gmt":"2022-08-11T10:25:51","slug":"entretien-telephonique-entre-goita-et-poutine-a-propos-de-la-cooperation-bilaterale-entre-les-deux-pays","status":"publish","type":"post","link":"https:\/\/ladepeche.mr\/?p=1417","title":{"rendered":"Entretien t\u00e9l\u00e9phonique entre Go\u00efta et Poutine \u00e0 propos de la coop\u00e9ration bilat\u00e9rale entre les deux pays"},"content":{"rendered":"<p>Le pr\u00e9sident de la transition malienne le colonel Assimi Go\u00efta s\u2019est entretenu mercredi au t\u00e9l\u00e9phone avec le pr\u00e9sident russe Vladimir Poutine \u00e0 propos du renforcement de la coop\u00e9ration bilat\u00e9rale entre les deux pays.<\/p>\n<p>Le Colonel Go\u00efta a d\u00e9clar\u00e9, sur sa page Facebook, qu\u2019il saluait \u00ab le pr\u00e9cieux partenariat entre les deux pays qui respecte la souverainet\u00e9 du Mali et les aspirations de son peuple \u00bb, ajoutant qu\u2019il s\u2019\u00e9tait entretenu avec le pr\u00e9sident Poutine \u00e0 propos du soutien russe \u00e0 la transition politique au Mali.<\/p>\n<p>Selon l\u2019agence de presse russe Sputnik, le pr\u00e9sident malien de transition a exprim\u00e9 sa gratitude au pr\u00e9sident Poutine pour le soutien apport\u00e9 \u00e0 son pays.<\/p>\n<p>Les deux pr\u00e9sidents ont \u00e9galement exprim\u00e9 leur satisfaction quant au niveau de coop\u00e9ration entre les deux pays, notamment en mati\u00e8re de politique \u00e9trang\u00e8re, y compris la coordination des positions au niveau des Nations Unies.<\/p>\n<p>Les deux pr\u00e9sidents ont \u00e9galement \u00e9voqu\u00e9 la coop\u00e9ration dans les domaines du commerce et de l\u2019\u00e9conomie.<\/p>\n<p>La Russie avait annonc\u00e9 fermement son refus de voir impos\u00e9 des sanctions onusiennes aux autorit\u00e9s de transition au moment o\u00f9 les pays de la communaut\u00e9 \u00e9conomique des \u00e9tats de l\u2019Afrique de l\u2019ouest (CEDEAO) imposaient des sanctions \u00e9conomiques et financi\u00e8res au Mali en janvier dernier.<\/p>\n<p>Lors des r\u00e9centes r\u00e9unions du conseil de s\u00e9curit\u00e9 des nations unies la Russie s\u2019est tenue aux c\u00f4t\u00e9s du Mali consid\u00e9rant qu\u2019il \u00e9tait un pays souverain.<\/p>\n<p>Cette communication t\u00e9l\u00e9phonique, \u00e0 la demande du pr\u00e9sident de la transition malienne, intervient un jour seulement apr\u00e8s la r\u00e9ception par Bamako d\u2019avions militaires de combat et du mat\u00e9riel militaires offerts par Moscou.<\/p>\n<p>R\u00e9cemment le Mali s\u2019\u00e9tait rapproch\u00e9 de la Russie au d\u00e9triment de la France dont il avait d\u2019ailleurs expuls\u00e9 l\u2019ambassadeur, et une importante d\u00e9l\u00e9gation du pays, dirig\u00e9e par le ministre des affaires \u00e9trang\u00e8res, Abdoullaye Diop, s\u2019\u00e9tait rendue en mai dernier \u00e0 Moscou pour demander un soutien pour le retour de la paix dans le pays.<\/p>\n<p>saharam\u00e9dias via cridem<\/p>\n","protected":false},"excerpt":{"rendered":"<p>Le pr\u00e9sident de la transition malienne le colonel Assimi Go\u00efta s\u2019est entretenu mercredi au t\u00e9l\u00e9phone avec le pr\u00e9sident russe Vladimir Poutine \u00e0 propos du renforcement de la coop\u00e9ration bilat\u00e9rale entre les deux pays. Le Colonel Go\u00efta a d\u00e9clar\u00e9, sur sa page Facebook, qu\u2019il saluait \u00ab le pr\u00e9cieux partenariat entre les deux pays qui respecte la &hellip;<\/p>\n","protected":false},"author":2,"featured_media":1418,"comment_status":"open","ping_status":"open","sticky":false,"template":"","format":"standard","meta":{"footnotes":""},"categories":[28],"tags":[],"class_list":["post-1417","post","type-post","status-publish","format-standard","has-post-thumbnail","hentry","category-sahel"],"_links":{"self":[{"href":"https:\/\/ladepeche.mr\/index.php?rest_route=\/wp\/v2\/posts\/1417","targetHints":{"allow":["GET"]}}],"collection":[{"href":"https:\/\/ladepeche.mr\/index.php?rest_route=\/wp\/v2\/posts"}],"about":[{"href":"https:\/\/ladepeche.mr\/index.php?rest_route=\/wp\/v2\/types\/post"}],"author":[{"embeddable":true,"href":"https:\/\/ladepeche.mr\/index.php?rest_route=\/wp\/v2\/users\/2"}],"replies":[{"embeddable":true,"href":"https:\/\/ladepeche.mr\/index.php?rest_route=%2Fwp%2Fv2%2Fcomments&post=1417"}],"version-history":[{"count":1,"href":"https:\/\/ladepeche.mr\/index.php?rest_route=\/wp\/v2\/posts\/1417\/revisions"}],"predecessor-version":[{"id":1419,"href":"https:\/\/ladepeche.mr\/index.php?rest_route=\/wp\/v2\/posts\/1417\/revisions\/1419"}],"wp:featuredmedia":[{"embeddable":true,"href":"https:\/\/ladepeche.mr\/index.php?rest_route=\/wp\/v2\/media\/1418"}],"wp:attachment":[{"href":"https:\/\/ladepeche.mr\/index.php?rest_route=%2Fwp%2Fv2%2Fmedia&parent=1417"}],"wp:term":[{"taxonomy":"category","embeddable":true,"href":"https:\/\/ladepeche.mr\/index.php?rest_route=%2Fwp%2Fv2%2Fcategories&post=1417"},{"taxonomy":"post_tag","embeddable":true,"href":"https:\/\/ladepeche.mr\/index.php?rest_route=%2Fwp%2Fv2%2Ftags&post=1417"}],"curies":[{"name":"wp","href":"https:\/\/api.w.org\/{rel}","templated":true}]}}