{"id":14180,"date":"2025-02-18T16:00:47","date_gmt":"2025-02-18T16:00:47","guid":{"rendered":"https:\/\/ladepeche.mr\/?p=14180"},"modified":"2025-02-18T17:20:54","modified_gmt":"2025-02-18T17:20:54","slug":"mauritanie-algerie-signature-de-laccord-executif-de-programme-pour-la-cooperation-conjointe-dans-le-domaine-de-lenseignement-superieur-et-de-la-recherche-scientifique","status":"publish","type":"post","link":"https:\/\/ladepeche.mr\/?p=14180","title":{"rendered":"Mauritanie \u2013 Alg\u00e9rie : Signature de l\u2019accord ex\u00e9cutif de programme pour la coop\u00e9ration dans le domaine de l\u2019enseignement"},"content":{"rendered":"<p>Le ministre de l\u2019Enseignement sup\u00e9rieur et de la Recherche scientifique, Yacoub Ould Mo\u00efne, a sign\u00e9 lundi \u00e0 Alger avec son homologue alg\u00e9rien Kamel Baddari l\u2019accord relatif au programme ex\u00e9cutif de coop\u00e9ration mixte (2025-2027) dans le domaine de l\u2019enseignement sup\u00e9rieur et de la recherche scientifique.<\/p>\n<p>Ce programme comprend des dispositions relatives \u00e0 la mobilit\u00e9 des \u00e9tudiants et des chercheurs, \u00e0 la formation aux niveaux master et doctorat et aux sp\u00e9cialit\u00e9s m\u00e9dicales. Il pr\u00e9voit \u00e9galement l\u2019acc\u00e8s des chercheurs des deux pays \u00e0 des supports d\u2019information num\u00e9riques et \u00e0 des centres de manuscrits et de documents historiques.<\/p>\n<p>Dans une allocution prononc\u00e9e \u00e0 cette occasion, le ministre de l\u2019enseignement sup\u00e9rieur et de la recherche scientifique a indiqu\u00e9 que sa visite en Alg\u00e9rie s\u2019inscrit dans le cadre du renforcement de la coop\u00e9ration entre les deux pays, notamment dans le domaine de l\u2019enseignement sup\u00e9rieur et de la recherche scientifique qui constitue un int\u00e9r\u00eat commun pour les deux parties, compte tenu de son r\u00f4le primordial dans la concr\u00e9tisation des ambitions des deux dirigeants, Son Excellence le pr\u00e9sident Mohamed Ould Cheikh Ghazouani et Son Excellence le pr\u00e9sident Abdelmadjid Tebboune.<\/p>\n<p>Le ministre a rappel\u00e9 le r\u00f4le de l\u2019enseignement sup\u00e9rieur et de la recherche scientifique en tant que levier essentiel du d\u00e9veloppement national et l\u2019attachement de la Mauritanie \u00e0 ce que le syst\u00e8me \u00e9ducatif soit \u00e0 la hauteur des espoirs plac\u00e9s en lui.<\/p>\n<p>Il a soulign\u00e9 que son d\u00e9partement a adopt\u00e9 une approche de r\u00e9forme globale pour d\u00e9velopper l\u2019enseignement sup\u00e9rieur et la recherche scientifique, \u00e9lever son niveau et am\u00e9liorer sa qualit\u00e9, relevant l\u2019excellent niveau des \u00e9changes culturels entre la Mauritanie et l\u2019Alg\u00e9rie, ainsi que les pr\u00e9cieuses contributions de l\u2019Alg\u00e9rie qui ont permis, au cours des d\u00e9cennies successives, la formation de milliers de cadres mauritaniens de haut niveau, notamment des m\u00e9decins, des ing\u00e9nieurs, des professeurs d\u2019universit\u00e9 et des cadres administratifs dans divers domaines, refl\u00e9tant ainsi les liens fraternels qui unissent depuis longtemps les deux pays et les aspirations des deux peuples fr\u00e8res mauritanien et alg\u00e9rien.<\/p>\n<p>Pour sa part, le ministre alg\u00e9rien de l\u2019enseignement sup\u00e9rieur et de la recherche scientifique a soulign\u00e9, dans son allocution, que cet accord contribuera au renforcement de la coop\u00e9ration entre les deux pays dans les domaines de l\u2019enseignement sup\u00e9rieur et de la recherche scientifique, ce qui se r\u00e9percutera positivement sur le renforcement des relations scientifiques entre les deux pays.<\/p>\n<p>Il a rappel\u00e9 les relations historiques profondes entre les deux peuples fr\u00e8res, qui se sont renforc\u00e9es sous l\u2019impulsion de leurs deux dirigeants.<\/p>\n<p>L\u2019accord a \u00e9t\u00e9 sign\u00e9 en pr\u00e9sence de l\u2019ambassadeur de Mauritanie en Alg\u00e9rie, M. Sidi Mohamed Abdallahi, de M. Mohamed Lemine Ould Ahmed Zeidane, charg\u00e9 de mission au minist\u00e8re, de M. Sadvi Ould Sekhawi, directeur de l\u2019orientation et des bourses, et de Mme Mariem Boubacar, conseill\u00e8re culturelle \u00e0 notre Ambassade en Alg\u00e9rie.<\/p>\n<p>Ami<\/p>\n","protected":false},"excerpt":{"rendered":"<p>Le ministre de l\u2019Enseignement sup\u00e9rieur et de la Recherche scientifique, Yacoub Ould Mo\u00efne, a sign\u00e9 lundi \u00e0 Alger avec son homologue alg\u00e9rien Kamel Baddari l\u2019accord relatif au programme ex\u00e9cutif de coop\u00e9ration mixte (2025-2027) dans le domaine de l\u2019enseignement sup\u00e9rieur et de la recherche scientifique. Ce programme comprend des dispositions relatives \u00e0 la mobilit\u00e9 des \u00e9tudiants &hellip;<\/p>\n","protected":false},"author":2,"featured_media":14181,"comment_status":"open","ping_status":"open","sticky":false,"template":"","format":"standard","meta":{"footnotes":""},"categories":[18,29],"tags":[],"class_list":["post-14180","post","type-post","status-publish","format-standard","has-post-thumbnail","hentry","category-actualites","category-monde"],"_links":{"self":[{"href":"https:\/\/ladepeche.mr\/index.php?rest_route=\/wp\/v2\/posts\/14180","targetHints":{"allow":["GET"]}}],"collection":[{"href":"https:\/\/ladepeche.mr\/index.php?rest_route=\/wp\/v2\/posts"}],"about":[{"href":"https:\/\/ladepeche.mr\/index.php?rest_route=\/wp\/v2\/types\/post"}],"author":[{"embeddable":true,"href":"https:\/\/ladepeche.mr\/index.php?rest_route=\/wp\/v2\/users\/2"}],"replies":[{"embeddable":true,"href":"https:\/\/ladepeche.mr\/index.php?rest_route=%2Fwp%2Fv2%2Fcomments&post=14180"}],"version-history":[{"count":2,"href":"https:\/\/ladepeche.mr\/index.php?rest_route=\/wp\/v2\/posts\/14180\/revisions"}],"predecessor-version":[{"id":14199,"href":"https:\/\/ladepeche.mr\/index.php?rest_route=\/wp\/v2\/posts\/14180\/revisions\/14199"}],"wp:featuredmedia":[{"embeddable":true,"href":"https:\/\/ladepeche.mr\/index.php?rest_route=\/wp\/v2\/media\/14181"}],"wp:attachment":[{"href":"https:\/\/ladepeche.mr\/index.php?rest_route=%2Fwp%2Fv2%2Fmedia&parent=14180"}],"wp:term":[{"taxonomy":"category","embeddable":true,"href":"https:\/\/ladepeche.mr\/index.php?rest_route=%2Fwp%2Fv2%2Fcategories&post=14180"},{"taxonomy":"post_tag","embeddable":true,"href":"https:\/\/ladepeche.mr\/index.php?rest_route=%2Fwp%2Fv2%2Ftags&post=14180"}],"curies":[{"name":"wp","href":"https:\/\/api.w.org\/{rel}","templated":true}]}}