{"id":14190,"date":"2025-02-18T15:52:46","date_gmt":"2025-02-18T15:52:46","guid":{"rendered":"https:\/\/ladepeche.mr\/?p=14190"},"modified":"2025-02-18T15:52:46","modified_gmt":"2025-02-18T15:52:46","slug":"a-riyad-les-russes-et-les-americains-conviennent-de-nommer-des-negociateurs-sur-la-guerre-en-ukraine","status":"publish","type":"post","link":"https:\/\/ladepeche.mr\/?p=14190","title":{"rendered":"\u00c0 Riyad, les Russes et les Am\u00e9ricains conviennent de nommer des n\u00e9gociateurs sur la guerre en Ukraine"},"content":{"rendered":"<p class=\"t-content__chapo\">Les chefs de la diplomatie des \u00c9tats-Unis et la Russie se sont r\u00e9unis ce mardi 18 f\u00e9vrier \u00e0 Riyad en Arabie saoudite, une premi\u00e8re depuis l&#8217;invasion russe de l&#8217;Ukraine en 2022. Les deux d\u00e9l\u00e9gations\u00a0sont convenues d&#8217;\u00e9tablir un \u00ab\u00a0<em>m\u00e9canisme de consultation\u00a0<\/em>\u00bb pour r\u00e9gler leurs contentieux et vont nommer des n\u00e9gociateurs pour le r\u00e8glement de la guerre en Ukraine.<\/p>\n<div class=\"t-content__dates t-content__dates--reading-time\">\n<p><strong><a href=\"https:\/\/www.rfi.fr\/fr\/monde\/20250218-arabie-saoudite-d%C3%A9but-%C3%A0-ryad-des-pourparlers-russo-am%C3%A9ricains-sur-l-ukraine\" target=\"_self\">Cette rencontre de Riyad<\/a>\u00a0<\/strong>a dur\u00e9 environ quatre heures et demie. C&#8217;est le premier t\u00eate-\u00e0-t\u00eate entre Russes et Am\u00e9ricains \u00e0 ce niveau depuis le d\u00e9but de la guerre en Ukraine. Marco Rubio s&#8217;est dit \u00e0 l&#8217;issue des pourparlers \u00ab\u00a0<em>convaincu<\/em>\u00a0\u00bb que la\u00a0<strong><em><a href=\"https:\/\/www.rfi.fr\/fr\/tag\/russie\/\" target=\"_self\">Russie<\/a><\/em><\/strong>\u00a0voudrait s&#8217;engager dans un \u00ab\u00a0<em>processus s\u00e9rieux<\/em>\u00a0\u00bb pour mettre fin \u00e0 la guerre.\u00a0Le secr\u00e9taire d&#8217;\u00c9tat am\u00e9ricain a affirm\u00e9 que les Europ\u00e9ens devraient \u00e9galement prendre part aux discussions et qu&#8217;il fallait qu&#8217;un accord sur l&#8217;Ukraine soit \u00ab<em>\u00a0acceptable<\/em>\u00a0\u00bb pour tous.<\/p>\n<p>Les chefs de la diplomatie am\u00e9ricaine\u00a0<strong><a href=\"https:\/\/www.rfi.fr\/fr\/tag\/marco-rubio\/\" target=\"_self\">Marco Rubio<\/a><\/strong>\u00a0et russe\u00a0<strong><a href=\"https:\/\/www.rfi.fr\/fr\/tag\/sergue%C3%AF-lavrov\/\" target=\"_self\">Sergue\u00ef Lavrov<\/a><\/strong>\u00a0ont annonc\u00e9 \u00e0 l&#8217;issue de leur rencontre \u00e0 Riyad avoir d\u00e9cid\u00e9 de \u00ab\u00a0<em>d\u00e9signer des \u00e9quipes de haut niveau pour commencer \u00e0 travailler sur une issue du conflit en Ukraine d\u00e8s que possible, de mani\u00e8re durable, p\u00e9renne et acceptable pour l&#8217;ensemble des parties<\/em>\u00a0\u00bb, a indiqu\u00e9 le d\u00e9partement d&#8217;\u00c9tat dans un communiqu\u00e9.<\/p>\n<h2>\u00ab<em>\u00a0Nous nous sommes entendus<\/em>\u00a0\u00bb<\/h2>\n<p>\u00ab\u00a0<em>Nous avons discut\u00e9, expos\u00e9 nos approches de principe et convenu que des \u00e9quipes distinctes de n\u00e9gociateurs sur ce sujet prendraient contact en temps voulu<\/em>\u00a0\u00bb, a confirm\u00e9 le conseiller diplomatique du Kremlin Iouri Ouchakov. \u00ab\u00a0<em>Les Am\u00e9ricains doivent d\u00e9signer leurs repr\u00e9sentants, nous d\u00e9signerons les n\u00f4tres, et ensuite, probablement, le travail commencera<\/em>\u00a0\u00bb, a-t-il ajout\u00e9.<\/p>\n<p>\u00ab\u00a0<em>Il est encore difficile de dire si<\/em>\u00a0(les positions russes et am\u00e9ricaines)\u00a0<em>se sont rapproch\u00e9es, mais c&#8217;\u00e9tait le sujet<\/em>\u00a0\u00bb, a encore d\u00e9clar\u00e9 \u00e0 la t\u00e9l\u00e9vision russe depuis Riyad M. Ouchakov jugeant pr\u00e9matur\u00e9 de parler \u00ab\u00a0<em>de dates concr\u00e8tes pour une rencontre des deux dirigeants<\/em>\u00a0\u00bb. \u00ab\u00a0<em>C&#8217;\u00e9tait une conversation tr\u00e8s s\u00e9rieuse sur tous les sujets que nous voulions aborder<\/em>\u00a0\u00bb, a ajout\u00e9 le conseiller diplomatique de Vladimir Poutine, pr\u00e9cisant que la rencontre avait dur\u00e9 quatre heures et demie.<\/p>\n<p>Le ministre russe des Affaires \u00e9trang\u00e8res Sergue\u00ef Lavrov a dit \u00eatre persuad\u00e9 que les\u00a0<strong><a href=\"https:\/\/www.rfi.fr\/fr\/tag\/%C3%A9tats-unis\/\" target=\"_self\">\u00c9tats-Unis<\/a><\/strong>\u00a0avaient commenc\u00e9 \u00e0 \u00ab\u00a0<em>mieux comprendre<\/em>\u00a0\u00bb la position de Moscou, lors d&#8217;une conf\u00e9rence de presse, jugeant leur conversation \u00ab\u00a0<em>utile<\/em>\u00a0\u00bb. \u00ab\u00a0<em>Nous ne nous sommes pas content\u00e9s de nous \u00e9couter, nous nous sommes entendus<\/em>\u00a0\u00bb, a-t-il ajout\u00e9. Le ministre russe des Affaires \u00e9trang\u00e8res a aussi affirm\u00e9\u00a0<em>\u00ab\u00a0qu\u2019il y a eu un vif int\u00e9r\u00eat pour la lev\u00e9e des obstacles artificiels au d\u00e9veloppement d&#8217;une coop\u00e9ration \u00e9conomique mutuellement b\u00e9n\u00e9fique<\/em>\u00a0\u00bb entre la Russie et les \u00c9tats-Unis, une r\u00e9f\u00e9rence aux sanctions \u00e9conomiques visant Moscou.<\/p>\n<h2>\u00ab\u00a0<em>M\u00e9canisme de consultation<\/em>\u00a0\u00bb<\/h2>\n<p>Moscou et Washington et sont \u00e9galement entendus pour mettre sur pied un \u00ab\u00a0<em>m\u00e9canisme de consultation<\/em>\u00a0\u00bb et \u00ab\u00a0<em>poser les bases d&#8217;une future coop\u00e9ration sur des enjeux g\u00e9opolitiques d&#8217;int\u00e9r\u00eat commun et sur les opportunit\u00e9s \u00e9conomiques et d&#8217;investissement historiques qui \u00e9mergeront d&#8217;une issue r\u00e9ussie au conflit en Ukraine<\/em>\u00a0\u00bb, a par ailleurs d\u00e9clar\u00e9 le d\u00e9partement d&#8217;\u00c9tat am\u00e9ricain.<\/p>\n<p>La rencontre de ce mardi marquait une premi\u00e8re au niveau des chefs de la diplomatie am\u00e9ricaine et russe dans un tel format depuis l&#8217;invasion russe de l&#8217;<strong><a href=\"https:\/\/www.rfi.fr\/fr\/tag\/ukraine\/\" target=\"_self\">Ukraine<\/a><\/strong>\u00a0le 24 f\u00e9vrier 2022. Elle intervenait apr\u00e8s l&#8217;appel t\u00e9l\u00e9phonique la semaine derni\u00e8re entre\u00a0<strong><a href=\"https:\/\/www.rfi.fr\/fr\/tag\/donald-trump\/\" target=\"_self\">Donald Trump<\/a><\/strong>\u00a0et\u00a0<strong><a href=\"https:\/\/www.rfi.fr\/fr\/tag\/vladimir-poutine\/\" target=\"_self\">Vladimir Poutine<\/a><\/strong>, qui a fait voler en \u00e9clats l&#8217;union occidentale et la strat\u00e9gie d&#8217;isolement visant le pr\u00e9sident russe.<\/p>\n<p>En visite en Turquie, le pr\u00e9sident ukrainien Volodymyr Zelensky a critiqu\u00e9 la rencontre russo-am\u00e9ricaine. \u00ab\u00a0<em>Des n\u00e9gociations sont en cours maintenant\u00a0<\/em>(&#8230;)\u00a0<em>entre des repr\u00e9sentants russes et am\u00e9ricains. Encore une fois, sur l&#8217;Ukraine et sans l&#8217;Ukraine<\/em>\u00a0\u00bb, a-t-il d\u00e9nonc\u00e9. Par ailleurs, le pr\u00e9sident ukrainien a annonc\u00e9 reporter son voyage en Arabie Saoudite pr\u00e9vu mercredi.<\/p>\n<h2>Moscou accepte une\u00a0adh\u00e9sion de l&#8217;Ukraine \u00e0 l&#8217;UE, mais pas \u00e0 l&#8217;Otan<\/h2>\n<p>Plus t\u00f4t dans la journ\u00e9e, le Kremlin a affich\u00e9 de nouvelles lignes de n\u00e9gociations. Moscou dit \u00ab<em>\u00a0<\/em>oui\u00a0\u00bb \u00e0 l&#8217;adh\u00e9sion de l&#8217;Ukraine \u00e0 l&#8217;Union europ\u00e9enne, \u00ab\u00a0<em>non<\/em>\u00a0\u00bb en revanche \u00e0 son int\u00e9gration dans l&#8217;Otan, qui constitue une ligne rouge absolue pour le Kremlin. Vladimir Poutine se dit m\u00eame pr\u00eat aujourd&#8217;hui \u00e0 n\u00e9gocier avec Volodymyr Zelensky.<\/p>\n<p>Il n\u2019y aura pas de paix en Ukraine possible, sans discuter largement de s\u00e9curit\u00e9 en Europe, a ajout\u00e9 le Kremlin il y a quelques minutes. \u00ab\u00a0<em>Un r\u00e8glement \u00e0 long terme, un r\u00e8glement viable est impossible sans un examen global des questions de s\u00e9curit\u00e9 sur le continent<\/em>\u00a0\u00bb, a indiqu\u00e9 le porte-parole de la pr\u00e9sidence russe, Dmitri Peskov, lors de son briefing quotidien. La Russie r\u00e9clame de longue date un retrait des forces de l&#8217;<strong><a href=\"https:\/\/www.rfi.fr\/fr\/tag\/otan\/\" target=\"_self\">Otan<\/a><\/strong>\u00a0d&#8217;Europe orientale, car elle consid\u00e8re l&#8217;Alliance comme une menace existentielle. Elle avait notamment utilis\u00e9 cet argument pour justifier son invasion de l&#8217;Ukraine en 2022.<\/p>\n<p>De son c\u00f4t\u00e9, la pr\u00e9sidente de la Commission europ\u00e9enne Ursula von der Leyen a dit sur X que l&#8217;<strong><a href=\"https:\/\/www.rfi.fr\/fr\/podcasts\/invit%C3%A9-international\/20250217-r%C3%A9union-%C3%A0-l-%C3%A9lys%C3%A9e-sur-l-ukraine-c-est-le-premier-sommet-post-atlantique\" target=\"_self\">UE<\/a><\/strong>\u00a0voulait \u00ab\u00a0<em>faire \u00e9quipe\u00a0<\/em>\u00bb avec les \u00c9tats-Unis pour une paix \u00ab<em>\u00a0juste et durable\u00a0<\/em>\u00bb en Ukraine, apr\u00e8s une rencontre avec l&#8217;envoy\u00e9 sp\u00e9cial du pr\u00e9sident am\u00e9ricain, Keith Kellogg.<\/p>\n<p>Lire la suite sur \u00a0<a href=\"https:\/\/www.rfi.fr\/fr\/monde\/20250218-%C3%A9changes-russo-am%C3%A9ricains-%C3%A0-riyad-moscou-veut-parler-de-s%C3%A9curit%C3%A9-en-europe-refuse-l-ukraine-dans-l-otan?utm_medium=email&amp;utm_campaign=newsletter&amp;utm_source=rfi-nl-internationale-fr&amp;utm_email_send_date=%2020250218&amp;utm_email_recipient=245770&amp;utm_email_link=contenus&amp;_ope=eyJndWlkIjoiOTMwMjIwNGY3ZmZhNzMxODU0NDI3OTA1ZjdiOTc4NGUifQ%3D%3D\">\u00c0 Riyad, les Russes et les Am\u00e9ricains conviennent de nommer des n\u00e9gociateurs sur la guerre en Ukraine<\/a><\/p>\n<\/div>\n","protected":false},"excerpt":{"rendered":"<p>Les chefs de la diplomatie des \u00c9tats-Unis et la Russie se sont r\u00e9unis ce mardi 18 f\u00e9vrier \u00e0 Riyad en Arabie saoudite, une premi\u00e8re depuis l&#8217;invasion russe de l&#8217;Ukraine en 2022. Les deux d\u00e9l\u00e9gations\u00a0sont convenues d&#8217;\u00e9tablir un \u00ab\u00a0m\u00e9canisme de consultation\u00a0\u00bb pour r\u00e9gler leurs contentieux et vont nommer des n\u00e9gociateurs pour le r\u00e8glement de la guerre &hellip;<\/p>\n","protected":false},"author":2,"featured_media":14191,"comment_status":"open","ping_status":"open","sticky":false,"template":"","format":"standard","meta":{"footnotes":""},"categories":[18,29],"tags":[],"class_list":["post-14190","post","type-post","status-publish","format-standard","has-post-thumbnail","hentry","category-actualites","category-monde"],"_links":{"self":[{"href":"https:\/\/ladepeche.mr\/index.php?rest_route=\/wp\/v2\/posts\/14190","targetHints":{"allow":["GET"]}}],"collection":[{"href":"https:\/\/ladepeche.mr\/index.php?rest_route=\/wp\/v2\/posts"}],"about":[{"href":"https:\/\/ladepeche.mr\/index.php?rest_route=\/wp\/v2\/types\/post"}],"author":[{"embeddable":true,"href":"https:\/\/ladepeche.mr\/index.php?rest_route=\/wp\/v2\/users\/2"}],"replies":[{"embeddable":true,"href":"https:\/\/ladepeche.mr\/index.php?rest_route=%2Fwp%2Fv2%2Fcomments&post=14190"}],"version-history":[{"count":1,"href":"https:\/\/ladepeche.mr\/index.php?rest_route=\/wp\/v2\/posts\/14190\/revisions"}],"predecessor-version":[{"id":14192,"href":"https:\/\/ladepeche.mr\/index.php?rest_route=\/wp\/v2\/posts\/14190\/revisions\/14192"}],"wp:featuredmedia":[{"embeddable":true,"href":"https:\/\/ladepeche.mr\/index.php?rest_route=\/wp\/v2\/media\/14191"}],"wp:attachment":[{"href":"https:\/\/ladepeche.mr\/index.php?rest_route=%2Fwp%2Fv2%2Fmedia&parent=14190"}],"wp:term":[{"taxonomy":"category","embeddable":true,"href":"https:\/\/ladepeche.mr\/index.php?rest_route=%2Fwp%2Fv2%2Fcategories&post=14190"},{"taxonomy":"post_tag","embeddable":true,"href":"https:\/\/ladepeche.mr\/index.php?rest_route=%2Fwp%2Fv2%2Ftags&post=14190"}],"curies":[{"name":"wp","href":"https:\/\/api.w.org\/{rel}","templated":true}]}}