{"id":14202,"date":"2025-02-18T19:57:46","date_gmt":"2025-02-18T19:57:46","guid":{"rendered":"https:\/\/ladepeche.mr\/?p=14202"},"modified":"2025-02-18T19:57:46","modified_gmt":"2025-02-18T19:57:46","slug":"coup-denvoi-de-la-table-ronde-du-projet-dappui-institutionnel-au-parlement-mauritanien","status":"publish","type":"post","link":"https:\/\/ladepeche.mr\/?p=14202","title":{"rendered":"Coup d\u2019envoi de la table ronde du projet d\u2019appui institutionnel au Parlement mauritanien"},"content":{"rendered":"<p>Le pr\u00e9sident de l\u2019Assembl\u00e9e nationale, M. Mohamed Bamba Meguett, a supervis\u00e9, mardi \u00e0 Nouakchott, le lancement d\u2019une table ronde des partenaires techniques et financiers d\u00e9di\u00e9e \u00e0 l\u2019appui au projet \u2018\u2019appui au Parlement\u2019\u2019, en partenariat avec le Programme des Nations Unies pour le D\u00e9veloppement en Mauritanie.<\/p>\n<p>Le Projet d\u2019appui au Parlement vise \u00e0 moderniser et \u00e0 renforcer les capacit\u00e9s de l\u2019Assembl\u00e9e nationale afin de lui permettre de s\u2019acquitter de ses fonctions de promulgation effective des lois, de suivi de l\u2019action du Gouvernement et de repr\u00e9sentation fid\u00e8le des aspirations des citoyens, en particulier, des jeunes et des femmes.<\/p>\n<p>Dans son allocution, le pr\u00e9sident de l\u2019Assembl\u00e9e nationale a soulign\u00e9 que le projet d\u2019appui au parlement rev\u00eat une importance particuli\u00e8re pour le syst\u00e8me d\u00e9mocratique et le renforcement de l\u2019institution l\u00e9gislative.<\/p>\n<p>Il a indiqu\u00e9 que la num\u00e9risation de l\u2019assembl\u00e9e contribuera \u00e0 renforcer la transparence et \u00e0 r\u00e9aliser l\u2019interaction requise entre le Parlement et le citoyen, et que les programmes de formation et d\u2019appui technique doteront les parlementaires et le personnel administratif des comp\u00e9tences n\u00e9cessaires pour r\u00e9aliser une performance l\u00e9gislative plus efficace et plus efficiente, mettant en place des plateformes interactives qui permettront aux citoyens de suivre directement les discussions parlementaires, et de participer activement aux consultations publiques.<\/p>\n<p>Ould Meguett a soulign\u00e9 que la gouvernance repose aujourd\u2019hui sur des outils technologiques de pointe et des m\u00e9thodes de travail modernes, car il est devenu n\u00e9cessaire pour le parlement de disposer des moyens n\u00e9cessaires pour faire face \u00e0 de tels d\u00e9fis.<\/p>\n<p>De son c\u00f4t\u00e9, le ministre d\u00e9l\u00e9gu\u00e9 aupr\u00e8s du ministre de l\u2019Economie et des Finances charg\u00e9 du budget, Codioro Moussa Enguenor, a soulign\u00e9 que la d\u00e9mocratie mauritanienne a besoin d\u2019un parlement fort, capable de prendre des d\u00e9cisions sur la base de justifications claires et d\u2019exercer un contr\u00f4le rigoureux sur l\u2019action gouvernementale.<\/p>\n<p>C\u2019est dans ce cadre que le gouvernement a sign\u00e9 un accord avec le Programme des Nations Unies pour le D\u00e9veloppement (PNUD) en vue de l\u2019aider \u00e0 relever les d\u00e9fis auxquels il est confront\u00e9 aux fins de permettre aux parlementaires de s\u2019acquitter de leurs missions en temps opportun, devenant ainsi un \u00e9l\u00e9ment cl\u00e9 de la consolidation de la d\u00e9mocratie dans le pays.<\/p>\n<p>A son tour, le coordinateur du Projet d\u2019appui au Parlement, le d\u00e9put\u00e9 Mohammed Abdellahi El Ghailani, a fait une br\u00e8ve pr\u00e9sentation dans laquelle il a abord\u00e9 les objectifs du projet et sa vision future.<\/p>\n<p>Ont assist\u00e9 au lancement de la table ronde, c\u00f4t\u00e9 mauritanien, le secr\u00e9taire g\u00e9n\u00e9ral de l\u2019Assembl\u00e9e, M. Abdallahi Saleh, M. Mohamed Yahya Haye, charg\u00e9 de mission \u00e0 l\u2019Assembl\u00e9e, le directeur de la coop\u00e9ration et du protocole, M. Outhmane Kamara, c\u00f4t\u00e9 partenaires, la coordonnatrice r\u00e9sidente du syst\u00e8me des Nations Unies, Mme Leila Peters Yahya, le repr\u00e9sentant r\u00e9sident du Programme des Nations Unies pour le D\u00e9veloppement (PNUD), M. Mansour N\u2019Diaye, les repr\u00e9sentants des ambassades d\u2019Espagne, des \u00c9tats-Unis d\u2019Am\u00e9rique, la Banque mondiale, l\u2019Union europ\u00e9enne, l\u2019Agence allemande de Coop\u00e9ration, l\u2019Agence fran\u00e7aise de D\u00e9veloppement et de l\u2019Agence espagnole de Coop\u00e9ration.<\/p>\n<p>Ami<\/p>\n","protected":false},"excerpt":{"rendered":"<p>Le pr\u00e9sident de l\u2019Assembl\u00e9e nationale, M. Mohamed Bamba Meguett, a supervis\u00e9, mardi \u00e0 Nouakchott, le lancement d\u2019une table ronde des partenaires techniques et financiers d\u00e9di\u00e9e \u00e0 l\u2019appui au projet \u2018\u2019appui au Parlement\u2019\u2019, en partenariat avec le Programme des Nations Unies pour le D\u00e9veloppement en Mauritanie. Le Projet d\u2019appui au Parlement vise \u00e0 moderniser et \u00e0 &hellip;<\/p>\n","protected":false},"author":2,"featured_media":14203,"comment_status":"open","ping_status":"open","sticky":false,"template":"","format":"standard","meta":{"footnotes":""},"categories":[18,31],"tags":[],"class_list":["post-14202","post","type-post","status-publish","format-standard","has-post-thumbnail","hentry","category-actualites","category-politique-et-reportages"],"_links":{"self":[{"href":"https:\/\/ladepeche.mr\/index.php?rest_route=\/wp\/v2\/posts\/14202","targetHints":{"allow":["GET"]}}],"collection":[{"href":"https:\/\/ladepeche.mr\/index.php?rest_route=\/wp\/v2\/posts"}],"about":[{"href":"https:\/\/ladepeche.mr\/index.php?rest_route=\/wp\/v2\/types\/post"}],"author":[{"embeddable":true,"href":"https:\/\/ladepeche.mr\/index.php?rest_route=\/wp\/v2\/users\/2"}],"replies":[{"embeddable":true,"href":"https:\/\/ladepeche.mr\/index.php?rest_route=%2Fwp%2Fv2%2Fcomments&post=14202"}],"version-history":[{"count":1,"href":"https:\/\/ladepeche.mr\/index.php?rest_route=\/wp\/v2\/posts\/14202\/revisions"}],"predecessor-version":[{"id":14204,"href":"https:\/\/ladepeche.mr\/index.php?rest_route=\/wp\/v2\/posts\/14202\/revisions\/14204"}],"wp:featuredmedia":[{"embeddable":true,"href":"https:\/\/ladepeche.mr\/index.php?rest_route=\/wp\/v2\/media\/14203"}],"wp:attachment":[{"href":"https:\/\/ladepeche.mr\/index.php?rest_route=%2Fwp%2Fv2%2Fmedia&parent=14202"}],"wp:term":[{"taxonomy":"category","embeddable":true,"href":"https:\/\/ladepeche.mr\/index.php?rest_route=%2Fwp%2Fv2%2Fcategories&post=14202"},{"taxonomy":"post_tag","embeddable":true,"href":"https:\/\/ladepeche.mr\/index.php?rest_route=%2Fwp%2Fv2%2Ftags&post=14202"}],"curies":[{"name":"wp","href":"https:\/\/api.w.org\/{rel}","templated":true}]}}