{"id":14212,"date":"2025-02-19T10:57:43","date_gmt":"2025-02-19T10:57:43","guid":{"rendered":"https:\/\/ladepeche.mr\/?p=14212"},"modified":"2025-02-19T10:59:10","modified_gmt":"2025-02-19T10:59:10","slug":"le-rwanda-annonce-la-suspension-de-sa-cooperation-de-developpement-avec-la-belgique","status":"publish","type":"post","link":"https:\/\/ladepeche.mr\/?p=14212","title":{"rendered":"Le Rwanda annonce la suspension de sa coop\u00e9ration de d\u00e9veloppement avec la Belgique"},"content":{"rendered":"<p class=\"t-content__chapo\">Le Rwanda annonce, ce mardi 18 f\u00e9vrier, la suspension de sa coop\u00e9ration de d\u00e9veloppement avec la Belgique, en raison\u00a0notamment de la position de Bruxelles sur le conflit \u00e0 l&#8217;est de la R\u00e9publique d\u00e9mocratique du Congo. Des tensions diplomatiques qui montent d\u2019un cran entre les deux pays, alors que les relations s\u2019enveniment d\u00e9j\u00e0 depuis quelques ann\u00e9es.<\/p>\n<div class=\"t-content__dates t-content__dates--reading-time\">\n<p>Selon le communiqu\u00e9 du gouvernement, la\u00a0<a href=\"https:\/\/www.rfi.fr\/fr\/tag\/belgique\/\" target=\"_self\"><strong>Belgique<\/strong><\/a>\u00a0a men\u00e9 \u00ab\u00a0<em>une campagne agressive aux c\u00f4t\u00e9s de la RDC, visant \u00e0 saboter l\u2019acc\u00e8s du Rwanda au financement du d\u00e9veloppement\u00a0<\/em>\u00bb.<\/p>\n<p>Kigali d\u00e9cide donc de la suspension du reste du programme d\u2019aide bilat\u00e9rale avec Bruxelles pour la p\u00e9riode 2024-2029. \u00ab<em>\u00a0Le Rwanda ne se laissera ni intimider ni faire chanter au d\u00e9triment de sa s\u00e9curit\u00e9 nationale<\/em>\u00a0\u00bb, affirment les autorit\u00e9s.<\/p>\n<h2>\u00ab\u00a0V<em>iolation de l\u2019int\u00e9grit\u00e9 territoriale de la RDC<\/em>\u00a0\u00bb<\/h2>\n<p>Une d\u00e9cision dont a pris acte la Belgique. Selon un message de son ministre des Affaires \u00e9trang\u00e8res, Maxime Pr\u00e9vot, Bruxelles \u00e9tait d\u00e9j\u00e0 en train de revoir son programme d\u2019aide \u00ab\u00a0<em>suite \u00e0 la violation de l\u2019int\u00e9grit\u00e9 territoriale de la RDC<\/em>\u00a0\u00bb. \u00ab\u00a0<em>Ceci aurait d\u00e9bouch\u00e9, poursuit-il, sur des mesures relatives \u00e0 notre coop\u00e9ration que le Rwanda anticipe \u00e0 pr\u00e9sent<\/em>\u00a0\u00bb.<\/p>\n<p>La Belgique d\u00e9fendait d\u00e9j\u00e0 \u00e0 l\u2019Union europ\u00e9enne la mise en place de sanctions contre Kigali pour son implication dans le conflit.<\/p>\n<h2>Sans ambassadeurs<\/h2>\n<p>Les relations diplomatiques entre les deux pays sont tendues depuis ces derni\u00e8res ann\u00e9es. Aucun ambassadeur rwandais n\u2019a \u00e9t\u00e9 d\u00e9sign\u00e9 en Belgique depuis 2023 et le refus des autorit\u00e9s de Bruxelles de la nomination de Vincent Karega. En mesure de r\u00e9ciprocit\u00e9,\u00a0<a href=\"https:\/\/www.rfi.fr\/fr\/afrique\/20240801-la-belgique-renonce-%C3%A0-une-proposition-d-ambassadeur-au-rwanda-sur-fond-de-tensions-avec-kigali\" target=\"_self\"><strong>le poste d\u2019ambassadeur belge au Rwanda est, lui aussi, vacant<\/strong><\/a>\u00a0depuis juillet 2024.<\/p>\n<\/div>\n<p class=\"a-read-more\">Rfi<\/p>\n","protected":false},"excerpt":{"rendered":"<p>Le Rwanda annonce, ce mardi 18 f\u00e9vrier, la suspension de sa coop\u00e9ration de d\u00e9veloppement avec la Belgique, en raison\u00a0notamment de la position de Bruxelles sur le conflit \u00e0 l&#8217;est de la R\u00e9publique d\u00e9mocratique du Congo. Des tensions diplomatiques qui montent d\u2019un cran entre les deux pays, alors que les relations s\u2019enveniment d\u00e9j\u00e0 depuis quelques ann\u00e9es. &hellip;<\/p>\n","protected":false},"author":2,"featured_media":14215,"comment_status":"open","ping_status":"open","sticky":false,"template":"","format":"standard","meta":{"footnotes":""},"categories":[18,29],"tags":[],"class_list":["post-14212","post","type-post","status-publish","format-standard","has-post-thumbnail","hentry","category-actualites","category-monde"],"_links":{"self":[{"href":"https:\/\/ladepeche.mr\/index.php?rest_route=\/wp\/v2\/posts\/14212","targetHints":{"allow":["GET"]}}],"collection":[{"href":"https:\/\/ladepeche.mr\/index.php?rest_route=\/wp\/v2\/posts"}],"about":[{"href":"https:\/\/ladepeche.mr\/index.php?rest_route=\/wp\/v2\/types\/post"}],"author":[{"embeddable":true,"href":"https:\/\/ladepeche.mr\/index.php?rest_route=\/wp\/v2\/users\/2"}],"replies":[{"embeddable":true,"href":"https:\/\/ladepeche.mr\/index.php?rest_route=%2Fwp%2Fv2%2Fcomments&post=14212"}],"version-history":[{"count":1,"href":"https:\/\/ladepeche.mr\/index.php?rest_route=\/wp\/v2\/posts\/14212\/revisions"}],"predecessor-version":[{"id":14214,"href":"https:\/\/ladepeche.mr\/index.php?rest_route=\/wp\/v2\/posts\/14212\/revisions\/14214"}],"wp:featuredmedia":[{"embeddable":true,"href":"https:\/\/ladepeche.mr\/index.php?rest_route=\/wp\/v2\/media\/14215"}],"wp:attachment":[{"href":"https:\/\/ladepeche.mr\/index.php?rest_route=%2Fwp%2Fv2%2Fmedia&parent=14212"}],"wp:term":[{"taxonomy":"category","embeddable":true,"href":"https:\/\/ladepeche.mr\/index.php?rest_route=%2Fwp%2Fv2%2Fcategories&post=14212"},{"taxonomy":"post_tag","embeddable":true,"href":"https:\/\/ladepeche.mr\/index.php?rest_route=%2Fwp%2Fv2%2Ftags&post=14212"}],"curies":[{"name":"wp","href":"https:\/\/api.w.org\/{rel}","templated":true}]}}