{"id":14217,"date":"2025-02-19T19:27:53","date_gmt":"2025-02-19T19:27:53","guid":{"rendered":"https:\/\/ladepeche.mr\/?p=14217"},"modified":"2025-02-19T19:27:53","modified_gmt":"2025-02-19T19:27:53","slug":"le-president-de-la-republique-recoit-une-delegation-des-nations-unies","status":"publish","type":"post","link":"https:\/\/ladepeche.mr\/?p=14217","title":{"rendered":"Le Pr\u00e9sident de la R\u00e9publique re\u00e7oit une d\u00e9l\u00e9gation des Nations Unies"},"content":{"rendered":"<p>S.E. le Pr\u00e9sident de la R\u00e9publique, M. Mohamed Ould Cheikh El Ghazouani, a re\u00e7u, mercredi, au Palais pr\u00e9sidentiel \u00e0 Nouakchott, une d\u00e9l\u00e9gation des Nations Unies, conduite par le Repr\u00e9sentant sp\u00e9cial du Secr\u00e9taire g\u00e9n\u00e9ral des Nations Unies et Chef du Bureau des Nations Unies pour l\u2019Afrique de l\u2019Ouest et le Sahel, M. Leonardo Santos Sim\u00e3o, et comprenant Mme Lila Peters Yahya, M. Sergo Matta et Mme Rica Ott.<\/p>\n<p>La r\u00e9union s\u2019est d\u00e9roul\u00e9e en pr\u00e9sence de :<\/p>\n<p>\u2013 M. Nani Ould Chrougha, Ministre charg\u00e9 du cabinet du Pr\u00e9sident de la R\u00e9publique.<\/p>\n<p>\u2013 M. Mohamed Salem Ould Merzoug, Ministre des Affaires Etrang\u00e8res, de la Coop\u00e9ration Africaine et des Mauritaniens de l\u2019Exterieur.<\/p>\n<p>\u2013 M. Mohamed Mahfoud Brahim Ahmed, Conseiller \u00e0 la Pr\u00e9sidence de la R\u00e9publique.<\/p>\n<p>Ami<\/p>\n","protected":false},"excerpt":{"rendered":"<p>S.E. le Pr\u00e9sident de la R\u00e9publique, M. Mohamed Ould Cheikh El Ghazouani, a re\u00e7u, mercredi, au Palais pr\u00e9sidentiel \u00e0 Nouakchott, une d\u00e9l\u00e9gation des Nations Unies, conduite par le Repr\u00e9sentant sp\u00e9cial du Secr\u00e9taire g\u00e9n\u00e9ral des Nations Unies et Chef du Bureau des Nations Unies pour l\u2019Afrique de l\u2019Ouest et le Sahel, M. Leonardo Santos Sim\u00e3o, et &hellip;<\/p>\n","protected":false},"author":2,"featured_media":14218,"comment_status":"open","ping_status":"open","sticky":false,"template":"","format":"standard","meta":{"footnotes":""},"categories":[18,29],"tags":[],"class_list":["post-14217","post","type-post","status-publish","format-standard","has-post-thumbnail","hentry","category-actualites","category-monde"],"_links":{"self":[{"href":"https:\/\/ladepeche.mr\/index.php?rest_route=\/wp\/v2\/posts\/14217","targetHints":{"allow":["GET"]}}],"collection":[{"href":"https:\/\/ladepeche.mr\/index.php?rest_route=\/wp\/v2\/posts"}],"about":[{"href":"https:\/\/ladepeche.mr\/index.php?rest_route=\/wp\/v2\/types\/post"}],"author":[{"embeddable":true,"href":"https:\/\/ladepeche.mr\/index.php?rest_route=\/wp\/v2\/users\/2"}],"replies":[{"embeddable":true,"href":"https:\/\/ladepeche.mr\/index.php?rest_route=%2Fwp%2Fv2%2Fcomments&post=14217"}],"version-history":[{"count":1,"href":"https:\/\/ladepeche.mr\/index.php?rest_route=\/wp\/v2\/posts\/14217\/revisions"}],"predecessor-version":[{"id":14219,"href":"https:\/\/ladepeche.mr\/index.php?rest_route=\/wp\/v2\/posts\/14217\/revisions\/14219"}],"wp:featuredmedia":[{"embeddable":true,"href":"https:\/\/ladepeche.mr\/index.php?rest_route=\/wp\/v2\/media\/14218"}],"wp:attachment":[{"href":"https:\/\/ladepeche.mr\/index.php?rest_route=%2Fwp%2Fv2%2Fmedia&parent=14217"}],"wp:term":[{"taxonomy":"category","embeddable":true,"href":"https:\/\/ladepeche.mr\/index.php?rest_route=%2Fwp%2Fv2%2Fcategories&post=14217"},{"taxonomy":"post_tag","embeddable":true,"href":"https:\/\/ladepeche.mr\/index.php?rest_route=%2Fwp%2Fv2%2Ftags&post=14217"}],"curies":[{"name":"wp","href":"https:\/\/api.w.org\/{rel}","templated":true}]}}