{"id":14220,"date":"2025-02-19T21:30:24","date_gmt":"2025-02-19T21:30:24","guid":{"rendered":"https:\/\/ladepeche.mr\/?p=14220"},"modified":"2025-02-19T19:32:59","modified_gmt":"2025-02-19T19:32:59","slug":"revue-annuelle-du-plan-daction-conjoint-mauritanie-systeme-des-nations-unies","status":"publish","type":"post","link":"https:\/\/ladepeche.mr\/?p=14220","title":{"rendered":"Revue annuelle du plan d\u2019action conjoint Mauritanie-Syst\u00e8me des Nations Unies"},"content":{"rendered":"<p>Le minist\u00e8re de l\u2019\u00e9conomie et des finances a ouvert, mercredi \u00e0 Nouakchott, les travaux de la session de la revue annuelle du plan d\u2019action conjoint entre la Mauritanie et le syst\u00e8me des Nations unies 2024-2025.<\/p>\n<p>S\u2019exprimant \u00e0 cette occasion, le secr\u00e9taire g\u00e9n\u00e9ral du minist\u00e8re de l\u2019\u00e9conomie et des finances, M. Yacoub Ahmed Aicha, a indiqu\u00e9 que cette session constitue une \u00e9tape cl\u00e9 dans l\u2019engagement commun pour la r\u00e9alisation d\u2019un d\u00e9veloppement durable et inclusif en Mauritanie, conform\u00e9ment au programme du pr\u00e9sident de la R\u00e9publique M. Mohamed Ould Cheikh El Ghazouani \u00ab Mon ambition pour la nation \u00bb, visant la promotion de la croissance \u00e9conomique, l\u2019am\u00e9lioration des conditions de vie des citoyens, et le renforcement du partenariat avec la communaut\u00e9 internationale.<\/p>\n<p>Il a ajout\u00e9 que cette revue offre l\u2019opportunit\u00e9 d\u2019examiner les progr\u00e8s r\u00e9alis\u00e9s dans la mise en \u0153uvre du Plan d\u2019action conjoint, d\u2019\u00e9valuer les d\u00e9fis rencontr\u00e9s et d\u2019identifier les ajustements n\u00e9cessaires pour renforcer l\u2019impact du travail.<\/p>\n<p>Il a soulign\u00e9 que cette session se tient dans un contexte marqu\u00e9 par de grands d\u00e9fis \u00e9conomiques et sociaux, mais aussi par des progr\u00e8s remarquables dans la mise en \u0153uvre du Cadre de coop\u00e9ration pour le d\u00e9veloppement durable (2024-2027), et gr\u00e2ce \u00e0 la mobilisation des agences onusiennes et des institutions nationales, des bases solides ont \u00e9t\u00e9 jet\u00e9es pour atteindre les Objectifs de d\u00e9veloppement durable (ODD).<\/p>\n<p>A travers cette revue, il s\u2019agira de r\u00e9v\u00e9ler les progr\u00e8s r\u00e9alis\u00e9s dans les diff\u00e9rents axes du cadre de coop\u00e9ration, r\u00e9partis sur plusieurs impacts strat\u00e9giques, a-t-il pr\u00e9cis\u00e9.<\/p>\n<p>Pour sa part, le Repr\u00e9sentant-r\u00e9sident du PNUD, Mansour Ndiaye, pr\u00e9sident de l\u2019\u00e9quipe de gestion conjointe, a salu\u00e9 le niveau de coop\u00e9ration entre la Mauritanie et cet organe onusien.<\/p>\n<p>Il a soulign\u00e9 que cette revue prendra en compte et inclura plusieurs amendements au niveau des plans de d\u00e9veloppement.<\/p>\n<p>Ami<\/p>\n","protected":false},"excerpt":{"rendered":"<p>Le minist\u00e8re de l\u2019\u00e9conomie et des finances a ouvert, mercredi \u00e0 Nouakchott, les travaux de la session de la revue annuelle du plan d\u2019action conjoint entre la Mauritanie et le syst\u00e8me des Nations unies 2024-2025. S\u2019exprimant \u00e0 cette occasion, le secr\u00e9taire g\u00e9n\u00e9ral du minist\u00e8re de l\u2019\u00e9conomie et des finances, M. Yacoub Ahmed Aicha, a indiqu\u00e9 &hellip;<\/p>\n","protected":false},"author":2,"featured_media":14221,"comment_status":"open","ping_status":"open","sticky":false,"template":"","format":"standard","meta":{"footnotes":""},"categories":[18,2],"tags":[],"class_list":["post-14220","post","type-post","status-publish","format-standard","has-post-thumbnail","hentry","category-actualites","category-economie"],"_links":{"self":[{"href":"https:\/\/ladepeche.mr\/index.php?rest_route=\/wp\/v2\/posts\/14220","targetHints":{"allow":["GET"]}}],"collection":[{"href":"https:\/\/ladepeche.mr\/index.php?rest_route=\/wp\/v2\/posts"}],"about":[{"href":"https:\/\/ladepeche.mr\/index.php?rest_route=\/wp\/v2\/types\/post"}],"author":[{"embeddable":true,"href":"https:\/\/ladepeche.mr\/index.php?rest_route=\/wp\/v2\/users\/2"}],"replies":[{"embeddable":true,"href":"https:\/\/ladepeche.mr\/index.php?rest_route=%2Fwp%2Fv2%2Fcomments&post=14220"}],"version-history":[{"count":1,"href":"https:\/\/ladepeche.mr\/index.php?rest_route=\/wp\/v2\/posts\/14220\/revisions"}],"predecessor-version":[{"id":14222,"href":"https:\/\/ladepeche.mr\/index.php?rest_route=\/wp\/v2\/posts\/14220\/revisions\/14222"}],"wp:featuredmedia":[{"embeddable":true,"href":"https:\/\/ladepeche.mr\/index.php?rest_route=\/wp\/v2\/media\/14221"}],"wp:attachment":[{"href":"https:\/\/ladepeche.mr\/index.php?rest_route=%2Fwp%2Fv2%2Fmedia&parent=14220"}],"wp:term":[{"taxonomy":"category","embeddable":true,"href":"https:\/\/ladepeche.mr\/index.php?rest_route=%2Fwp%2Fv2%2Fcategories&post=14220"},{"taxonomy":"post_tag","embeddable":true,"href":"https:\/\/ladepeche.mr\/index.php?rest_route=%2Fwp%2Fv2%2Ftags&post=14220"}],"curies":[{"name":"wp","href":"https:\/\/api.w.org\/{rel}","templated":true}]}}