{"id":14223,"date":"2025-02-19T20:00:29","date_gmt":"2025-02-19T20:00:29","guid":{"rendered":"https:\/\/ladepeche.mr\/?p=14223"},"modified":"2025-02-19T19:41:19","modified_gmt":"2025-02-19T19:41:19","slug":"les-emirats-signifient-a-rubio-leur-refus-de-tout-deplacement-de-palestiniens","status":"publish","type":"post","link":"https:\/\/ladepeche.mr\/?p=14223","title":{"rendered":"Les Emirats signifient \u00e0 Rubio leur refus de tout d\u00e9placement de Palestiniens"},"content":{"rendered":"<p data-t=\"{&quot;n&quot;:&quot;blueLinks&quot;}\">Le pr\u00e9sident des \u00c9mirats arabes unis, Mohammed bin Zayed Al Nahyan, a d\u00e9clar\u00e9 mercredi au secr\u00e9taire d\u2019\u00c9tat am\u00e9ricain en visite, Marco Rubio, qu\u2019Abou Dhabi rejetait tout d\u00e9placement de Palestiniens, ont indiqu\u00e9 les m\u00e9dias officiels.<\/p>\n<p data-t=\"{&quot;n&quot;:&quot;blueLinks&quot;}\">Cheikh Mohammed \u00ab a affirm\u00e9 la position ferme des \u00c9mirats arabes unis qui rejette toute tentative visant \u00e0 d\u00e9placer le peuple palestinien de sa terre \u00bb, a d\u00e9clar\u00e9 l\u2019agence de presse WAM de l\u2019\u00c9tat du Golfe, \u00e0 la suite d\u2019une proposition am\u00e9ricaine visant \u00e0 prendre le contr\u00f4le de la bande de Gaza d\u00e9vast\u00e9e par la guerre et \u00e0 d\u00e9placer ses habitants.<\/p>\n<p data-t=\"{&quot;n&quot;:&quot;blueLinks&quot;}\">L\u2019agence a ajout\u00e9 que le pr\u00e9sident \u00ab a soulign\u00e9 la n\u00e9cessit\u00e9 de lier la reconstruction de Gaza \u00e0 une voie menant \u00e0 une paix globale et durable bas\u00e9e sur la solution des deux \u00c9tats \u00bb.<\/p>\n<p class=\"continue-read-break\" data-t=\"{&quot;n&quot;:&quot;blueLinks&quot;}\">La r\u00e9union d\u2019Abou Dhabi a port\u00e9 sur une s\u00e9rie de questions r\u00e9gionales et internationales d\u2019int\u00e9r\u00eat commun, l\u2019accent \u00e9tant mis sur l\u2019\u00e9volution de la situation au Moyen-Orient et dans le territoire palestinien et sur les efforts d\u00e9ploy\u00e9s actuellement pour r\u00e9soudre la crise \u00e0 Gaza, ainsi que sur ses implications pour la paix, la stabilit\u00e9 et la s\u00e9curit\u00e9 r\u00e9gionales.<\/p>\n<p data-t=\"{&quot;n&quot;:&quot;blueLinks&quot;}\">Cheikh Mohamed et Rubio ont \u00e9galement discut\u00e9 de la coop\u00e9ration entre leurs pays, ainsi que des moyens d\u2019approfondir les liens dans divers domaines afin de poursuivre leurs int\u00e9r\u00eats communs.<\/p>\n","protected":false},"excerpt":{"rendered":"<p>Le pr\u00e9sident des \u00c9mirats arabes unis, Mohammed bin Zayed Al Nahyan, a d\u00e9clar\u00e9 mercredi au secr\u00e9taire d\u2019\u00c9tat am\u00e9ricain en visite, Marco Rubio, qu\u2019Abou Dhabi rejetait tout d\u00e9placement de Palestiniens, ont indiqu\u00e9 les m\u00e9dias officiels. Cheikh Mohammed \u00ab a affirm\u00e9 la position ferme des \u00c9mirats arabes unis qui rejette toute tentative visant \u00e0 d\u00e9placer le peuple &hellip;<\/p>\n","protected":false},"author":2,"featured_media":14224,"comment_status":"open","ping_status":"open","sticky":false,"template":"","format":"standard","meta":{"footnotes":""},"categories":[18,29],"tags":[],"class_list":["post-14223","post","type-post","status-publish","format-standard","has-post-thumbnail","hentry","category-actualites","category-monde"],"_links":{"self":[{"href":"https:\/\/ladepeche.mr\/index.php?rest_route=\/wp\/v2\/posts\/14223","targetHints":{"allow":["GET"]}}],"collection":[{"href":"https:\/\/ladepeche.mr\/index.php?rest_route=\/wp\/v2\/posts"}],"about":[{"href":"https:\/\/ladepeche.mr\/index.php?rest_route=\/wp\/v2\/types\/post"}],"author":[{"embeddable":true,"href":"https:\/\/ladepeche.mr\/index.php?rest_route=\/wp\/v2\/users\/2"}],"replies":[{"embeddable":true,"href":"https:\/\/ladepeche.mr\/index.php?rest_route=%2Fwp%2Fv2%2Fcomments&post=14223"}],"version-history":[{"count":1,"href":"https:\/\/ladepeche.mr\/index.php?rest_route=\/wp\/v2\/posts\/14223\/revisions"}],"predecessor-version":[{"id":14225,"href":"https:\/\/ladepeche.mr\/index.php?rest_route=\/wp\/v2\/posts\/14223\/revisions\/14225"}],"wp:featuredmedia":[{"embeddable":true,"href":"https:\/\/ladepeche.mr\/index.php?rest_route=\/wp\/v2\/media\/14224"}],"wp:attachment":[{"href":"https:\/\/ladepeche.mr\/index.php?rest_route=%2Fwp%2Fv2%2Fmedia&parent=14223"}],"wp:term":[{"taxonomy":"category","embeddable":true,"href":"https:\/\/ladepeche.mr\/index.php?rest_route=%2Fwp%2Fv2%2Fcategories&post=14223"},{"taxonomy":"post_tag","embeddable":true,"href":"https:\/\/ladepeche.mr\/index.php?rest_route=%2Fwp%2Fv2%2Ftags&post=14223"}],"curies":[{"name":"wp","href":"https:\/\/api.w.org\/{rel}","templated":true}]}}