{"id":14231,"date":"2025-02-19T22:30:54","date_gmt":"2025-02-19T22:30:54","guid":{"rendered":"https:\/\/ladepeche.mr\/?p=14231"},"modified":"2025-02-19T22:25:00","modified_gmt":"2025-02-19T22:25:00","slug":"le-president-des-canaries-se-rend-en-mauritanie-pour-aborder-le-probleme-de-la-migration","status":"publish","type":"post","link":"https:\/\/ladepeche.mr\/?p=14231","title":{"rendered":"Le pr\u00e9sident des Canaries se rend en Mauritanie pour aborder le probl\u00e8me de la migration"},"content":{"rendered":"<p><strong>Fernando Clavijo se rend en\u00a0<a href=\"https:\/\/www.atalayar.com\/fr\/articulo\/politique\/maroc-et-mauritanie-encouragent-des-politiques-integrees-et-durables-pour-sahel\/20250217133516211352.html\" target=\"_blank\" rel=\"noopener\">Mauritanie<\/a> pour une visite officielle de deux jours, les jeudi 20 et vendredi 21 f\u00e9vrier, afin d&#8217;aborder la question de la migration ill\u00e9gale.<\/strong><\/p>\n<p><strong>50 % des embarcations transportant des migrants clandestins \u00e0 destination des \u00eeles Canaries partent du pays mauritanien,\u00a0<\/strong>ce qui rend le but de ce voyage tr\u00e8s important.<\/p>\n<p><strong>Le porte-parole du gouvernement des Canaries, Alfonso Cabello, a indiqu\u00e9 que rien qu&#8217;en janvier, jusqu&#8217;\u00e0 4 752 migrants sont arriv\u00e9s de mani\u00e8re irr\u00e9guli\u00e8re dans l&#8217;archipel des Canaries\u00a0<\/strong>et que depuis le d\u00e9but du mois de f\u00e9vrier, ce chiffre a d\u00e9j\u00e0 atteint les 2 000.<\/p>\n<p>Alfonso Cabello a d\u00e9clar\u00e9 que la communaut\u00e9 autonome travaille \u00e0 la r\u00e9vision des donn\u00e9es de bon voisinage avec la Mauritanie, ajoutant que cette mission sera\u00a0<strong>\u00ab probablement la plus importante jamais r\u00e9alis\u00e9e \u00bb\u00a0<\/strong>avec ce pays africain et qu&#8217;elle aura lieu dix ans apr\u00e8s la derni\u00e8re, sous la pr\u00e9sidence de Paulino Rivero.<\/p>\n<figure class=\"image ckeditor-image\">\n<div id=\"standard_2\" class=\"st-placement standard_2 inImage\">\n<div class=\"st-adunit st-adunit-tagged st-reset st-show\"><\/div>\n<\/div>\n<p><img loading=\"lazy\" decoding=\"async\" style=\"box-sizing: border-box; vertical-align: middle; transition: opacity 100ms; height: auto; max-width: 100%;\" src=\"https:\/\/www.atalayar.com\/media\/atalayar\/images\/2024\/09\/02\/2024090213375761375.jpg\" alt=\"&lt;p&gt;Un grupo de migrantes en una embarcaci\u00f3n de madera son remolcados por un buque de la guardia costera espa\u00f1ola hasta el puerto de Arguinegu\u00edn, en la isla de Gran Canaria, Espa\u00f1a, el 21 de octubre de 2023 - REUTERS\/BORJA SU\u00c1REZ\u00a0&lt;\/p&gt;\n\" width=\"1200\" height=\"675\" \/><figcaption>Un groupe de migrants dans un bateau en bois est remorqu\u00e9 par un navire des garde-c\u00f4tes espagnols vers le port d&#8217;Arguineguin sur l&#8217;\u00eele de Gran Canaria, Espagne le 21 octobre 2023 &#8211;\u00a0<strong>REUTERS\/BORJA SUAREZ\u00a0<\/strong><\/figcaption><\/figure>\n<p>Le pr\u00e9sident des Canaries, Fernando Clavijo, tiendra des r\u00e9unions de haut niveau avec des repr\u00e9sentants du gouvernement mauritanien pour discuter de nouvelles formes de collaboration afin d&#8217;\u00e9viter ces routes migratoires entre le pays africain et les \u00eeles Canaries, sur\u00a0<strong>la route dite de l&#8217;Atlantique.\u00a0<\/strong>L&#8217;objectif principal est d&#8217;\u00e9viter la perte cruelle de vies humaines.<\/p>\n<div class=\"ad-slot oat oat-visible oat-top \" data-mark=\"AD\">\n<div id=\"zone_208300\" data-google-query-id=\"CKW628Ti0IsDFXpMpAQdEYQ3gA\">\n<p><strong>La route de l&#8217;Atlantique, avec pr\u00e8s de 9 800 d\u00e9c\u00e8s, a \u00e9t\u00e9 la plus meurtri\u00e8re au monde en 2024<\/strong>, avec une incidence particuli\u00e8re sur la voie mauritanienne. La Mauritanie est pr\u00e9cis\u00e9ment le principal point de d\u00e9part des migrants irr\u00e9guliers vers les \u00eeles Canaries. Derri\u00e8re cette route, la route alg\u00e9rienne en M\u00e9diterran\u00e9e est la deuxi\u00e8me plus meurtri\u00e8re, suivie de la route du d\u00e9troit.<\/p>\n<p><strong>Fernando Clavijo sera accompagn\u00e9 d&#8217;une d\u00e9l\u00e9gation publique-priv\u00e9e d&#8217;environ 70 personnes, la plus grande d\u00e9l\u00e9gation canarienne jamais envoy\u00e9e dans ce pays africain.<\/strong><\/p>\n<p><a href=\"https:\/\/www.atalayar.com\/fr\/articulo\/politique\/president-des-canaries-rend-mauritanie-pour-aborder-probleme-migration\/20250219150000211448.html\">Le pr\u00e9sident des Canaries se rend en Mauritanie pour aborder le probl\u00e8me de la migration<\/a><\/p>\n<\/div>\n<\/div>\n","protected":false},"excerpt":{"rendered":"<p>Fernando Clavijo se rend en\u00a0Mauritanie pour une visite officielle de deux jours, les jeudi 20 et vendredi 21 f\u00e9vrier, afin d&#8217;aborder la question de la migration ill\u00e9gale. 50 % des embarcations transportant des migrants clandestins \u00e0 destination des \u00eeles Canaries partent du pays mauritanien,\u00a0ce qui rend le but de ce voyage tr\u00e8s important. Le porte-parole &hellip;<\/p>\n","protected":false},"author":2,"featured_media":14232,"comment_status":"open","ping_status":"open","sticky":false,"template":"","format":"standard","meta":{"footnotes":""},"categories":[18,29],"tags":[],"class_list":["post-14231","post","type-post","status-publish","format-standard","has-post-thumbnail","hentry","category-actualites","category-monde"],"_links":{"self":[{"href":"https:\/\/ladepeche.mr\/index.php?rest_route=\/wp\/v2\/posts\/14231","targetHints":{"allow":["GET"]}}],"collection":[{"href":"https:\/\/ladepeche.mr\/index.php?rest_route=\/wp\/v2\/posts"}],"about":[{"href":"https:\/\/ladepeche.mr\/index.php?rest_route=\/wp\/v2\/types\/post"}],"author":[{"embeddable":true,"href":"https:\/\/ladepeche.mr\/index.php?rest_route=\/wp\/v2\/users\/2"}],"replies":[{"embeddable":true,"href":"https:\/\/ladepeche.mr\/index.php?rest_route=%2Fwp%2Fv2%2Fcomments&post=14231"}],"version-history":[{"count":1,"href":"https:\/\/ladepeche.mr\/index.php?rest_route=\/wp\/v2\/posts\/14231\/revisions"}],"predecessor-version":[{"id":14233,"href":"https:\/\/ladepeche.mr\/index.php?rest_route=\/wp\/v2\/posts\/14231\/revisions\/14233"}],"wp:featuredmedia":[{"embeddable":true,"href":"https:\/\/ladepeche.mr\/index.php?rest_route=\/wp\/v2\/media\/14232"}],"wp:attachment":[{"href":"https:\/\/ladepeche.mr\/index.php?rest_route=%2Fwp%2Fv2%2Fmedia&parent=14231"}],"wp:term":[{"taxonomy":"category","embeddable":true,"href":"https:\/\/ladepeche.mr\/index.php?rest_route=%2Fwp%2Fv2%2Fcategories&post=14231"},{"taxonomy":"post_tag","embeddable":true,"href":"https:\/\/ladepeche.mr\/index.php?rest_route=%2Fwp%2Fv2%2Ftags&post=14231"}],"curies":[{"name":"wp","href":"https:\/\/api.w.org\/{rel}","templated":true}]}}