{"id":14234,"date":"2025-02-19T23:07:10","date_gmt":"2025-02-19T23:07:10","guid":{"rendered":"https:\/\/ladepeche.mr\/?p=14234"},"modified":"2025-02-19T23:17:22","modified_gmt":"2025-02-19T23:17:22","slug":"pourquoi-fenor-veut-noyer-le-poisson","status":"publish","type":"post","link":"https:\/\/ladepeche.mr\/?p=14234","title":{"rendered":"Pourquoi Fenor veut noyer le poisson\u00a0?"},"content":{"rendered":"<p>C\u2019est avec une certaine stup\u00e9faction que nous avons lu sur cridem.org, plateforme de revue de presse, la r\u00e9action d\u2019une f\u00e9d\u00e9ration qui se clame f\u00e9d\u00e9ration nationale des usines d\u2019or (fenor) que nous n\u2019avons jamais cit\u00e9e dans nos colonnes. L\u2019on se demande d\u2019ailleurs pour qui Fenor roule dans cette affaire?<\/p>\n<p>Notre surprise est d\u2019autant plus grande que cette r\u00e9action- qui ne nous a jamais \u00e9t\u00e9 notifi\u00e9e par nos confr\u00e8res de &#8220;cridem&#8221;-\u00a0 ne nous est pas parvenue en tant que source premi\u00e8re de l\u2019information diffus\u00e9e relativement \u00e0 des t\u00e9moignages sur un bras de fer entre des producteurs d\u2019or et l\u2019agence nationale Maaden. Nos coordonn\u00e9es figurent pourtant bien en place sur notre page de garde mais Fenor n\u2019a pas jug\u00e9 utile d\u2019en user pr\u00e9f\u00e9rant inaugurer la pol\u00e9mique.<\/p>\n<p>Par ailleurs, Fenor qui se fend d\u2019une r\u00e9action qui \u00e9dulcore les dissensions entre des producteurs d\u2019or et Maaden ne peut occulter le rejet de producteurs de remettre entre les mains de Maaden leurs productions. Un rejet qui se poursuivait sur le terrain ce jour 19 f\u00e9vrier 2025, malgr\u00e9 les efforts visant \u00e0 convaincre les producteurs r\u00e9calcitrants \u00e0 revenir \u00e0 de meilleurs sentiments.<\/p>\n<p>Si donc l\u2019on comprend le souci de Fenor de tenter d\u2019\u00e9touffer le feu, sa r\u00e9action et son souhait de \u00ab dialogue constructif \u00bb sugg\u00e8rent d\u00e9j\u00e0 que la situation qui pr\u00e9vaut actuellement est anormale.<\/p>\n<p>A vous de juger dans ce qui tient comme r\u00e9action de sa part: \u00abLa F\u00e9d\u00e9ration Nationale des Usines d\u2019Or est pleinement consciente des d\u00e9fis que rencontre le secteur et demeure r\u00e9solument engag\u00e9e \u00e0 travailler en \u00e9troite concertation avec les parties prenantes afin d\u2019identifier et de surmonter ces d\u00e9fis. Nous sommes convaincus que le dialogue constructif est le moyen le plus efficace d\u2019y parvenir \u00bb.\u00a0 Le diable se retrouve toujours dans le d\u00e9tail.<\/p>\n<p>La R\u00e9daction<\/p>\n","protected":false},"excerpt":{"rendered":"<p>C\u2019est avec une certaine stup\u00e9faction que nous avons lu sur cridem.org, plateforme de revue de presse, la r\u00e9action d\u2019une f\u00e9d\u00e9ration qui se clame f\u00e9d\u00e9ration nationale des usines d\u2019or (fenor) que nous n\u2019avons jamais cit\u00e9e dans nos colonnes. L\u2019on se demande d\u2019ailleurs pour qui Fenor roule dans cette affaire? Notre surprise est d\u2019autant plus grande que &hellip;<\/p>\n","protected":false},"author":2,"featured_media":14235,"comment_status":"open","ping_status":"open","sticky":false,"template":"","format":"standard","meta":{"footnotes":""},"categories":[18,2],"tags":[],"class_list":["post-14234","post","type-post","status-publish","format-standard","has-post-thumbnail","hentry","category-actualites","category-economie"],"_links":{"self":[{"href":"https:\/\/ladepeche.mr\/index.php?rest_route=\/wp\/v2\/posts\/14234","targetHints":{"allow":["GET"]}}],"collection":[{"href":"https:\/\/ladepeche.mr\/index.php?rest_route=\/wp\/v2\/posts"}],"about":[{"href":"https:\/\/ladepeche.mr\/index.php?rest_route=\/wp\/v2\/types\/post"}],"author":[{"embeddable":true,"href":"https:\/\/ladepeche.mr\/index.php?rest_route=\/wp\/v2\/users\/2"}],"replies":[{"embeddable":true,"href":"https:\/\/ladepeche.mr\/index.php?rest_route=%2Fwp%2Fv2%2Fcomments&post=14234"}],"version-history":[{"count":9,"href":"https:\/\/ladepeche.mr\/index.php?rest_route=\/wp\/v2\/posts\/14234\/revisions"}],"predecessor-version":[{"id":14244,"href":"https:\/\/ladepeche.mr\/index.php?rest_route=\/wp\/v2\/posts\/14234\/revisions\/14244"}],"wp:featuredmedia":[{"embeddable":true,"href":"https:\/\/ladepeche.mr\/index.php?rest_route=\/wp\/v2\/media\/14235"}],"wp:attachment":[{"href":"https:\/\/ladepeche.mr\/index.php?rest_route=%2Fwp%2Fv2%2Fmedia&parent=14234"}],"wp:term":[{"taxonomy":"category","embeddable":true,"href":"https:\/\/ladepeche.mr\/index.php?rest_route=%2Fwp%2Fv2%2Fcategories&post=14234"},{"taxonomy":"post_tag","embeddable":true,"href":"https:\/\/ladepeche.mr\/index.php?rest_route=%2Fwp%2Fv2%2Ftags&post=14234"}],"curies":[{"name":"wp","href":"https:\/\/api.w.org\/{rel}","templated":true}]}}