{"id":14251,"date":"2025-02-20T11:28:37","date_gmt":"2025-02-20T11:28:37","guid":{"rendered":"https:\/\/ladepeche.mr\/?p=14251"},"modified":"2025-02-20T11:28:53","modified_gmt":"2025-02-20T11:28:53","slug":"mauritanie-chine-sidahmed-ould-bouh-recoit-en-audience-sem-tang-zhongdong","status":"publish","type":"post","link":"https:\/\/ladepeche.mr\/?p=14251","title":{"rendered":"Mauritanie-Chine: Sid&#8217;Ahmed Ould Bouh  re\u00e7oit en audience SEM. Tang Zhongdong"},"content":{"rendered":"<p>Son Excellence le ministre de l&#8217;Economie et des Finances, M. Sid&#8217;Ahmed Ould Bouh, a re\u00e7u en audience jeudi en son bureau \u00e0 Nouakchott, le nouvel ambassadeur de la R\u00e9publique populaire de Chine en Mauritanie, SEM. Tang Zhongdong.<\/p>\n<p>Au cours de l&#8217;entretien, les deux parties ont \u00e9voqu\u00e9 les perspectives de coop\u00e9ration entre notre pays et la R\u00e9publique populaire de Chine et les moyens de les promouvoir et de les d\u00e9velopper, notamment dans les domaines de l&#8217;\u00e9conomie et des finances.<\/p>\n<p>L&#8217;audience s&#8217;est d\u00e9roul\u00e9e en pr\u00e9sence de M. Mohamed Salem Ould Nani, directeur g\u00e9n\u00e9ral des Financements et de la Coop\u00e9ration Economique.<\/p>\n","protected":false},"excerpt":{"rendered":"<p>Son Excellence le ministre de l&#8217;Economie et des Finances, M. Sid&#8217;Ahmed Ould Bouh, a re\u00e7u en audience jeudi en son bureau \u00e0 Nouakchott, le nouvel ambassadeur de la R\u00e9publique populaire de Chine en Mauritanie, SEM. Tang Zhongdong. Au cours de l&#8217;entretien, les deux parties ont \u00e9voqu\u00e9 les perspectives de coop\u00e9ration entre notre pays et la &hellip;<\/p>\n","protected":false},"author":2,"featured_media":14247,"comment_status":"open","ping_status":"open","sticky":false,"template":"","format":"standard","meta":{"footnotes":""},"categories":[18],"tags":[],"class_list":["post-14251","post","type-post","status-publish","format-standard","has-post-thumbnail","hentry","category-actualites"],"_links":{"self":[{"href":"https:\/\/ladepeche.mr\/index.php?rest_route=\/wp\/v2\/posts\/14251","targetHints":{"allow":["GET"]}}],"collection":[{"href":"https:\/\/ladepeche.mr\/index.php?rest_route=\/wp\/v2\/posts"}],"about":[{"href":"https:\/\/ladepeche.mr\/index.php?rest_route=\/wp\/v2\/types\/post"}],"author":[{"embeddable":true,"href":"https:\/\/ladepeche.mr\/index.php?rest_route=\/wp\/v2\/users\/2"}],"replies":[{"embeddable":true,"href":"https:\/\/ladepeche.mr\/index.php?rest_route=%2Fwp%2Fv2%2Fcomments&post=14251"}],"version-history":[{"count":2,"href":"https:\/\/ladepeche.mr\/index.php?rest_route=\/wp\/v2\/posts\/14251\/revisions"}],"predecessor-version":[{"id":14253,"href":"https:\/\/ladepeche.mr\/index.php?rest_route=\/wp\/v2\/posts\/14251\/revisions\/14253"}],"wp:featuredmedia":[{"embeddable":true,"href":"https:\/\/ladepeche.mr\/index.php?rest_route=\/wp\/v2\/media\/14247"}],"wp:attachment":[{"href":"https:\/\/ladepeche.mr\/index.php?rest_route=%2Fwp%2Fv2%2Fmedia&parent=14251"}],"wp:term":[{"taxonomy":"category","embeddable":true,"href":"https:\/\/ladepeche.mr\/index.php?rest_route=%2Fwp%2Fv2%2Fcategories&post=14251"},{"taxonomy":"post_tag","embeddable":true,"href":"https:\/\/ladepeche.mr\/index.php?rest_route=%2Fwp%2Fv2%2Ftags&post=14251"}],"curies":[{"name":"wp","href":"https:\/\/api.w.org\/{rel}","templated":true}]}}