{"id":14255,"date":"2025-02-20T15:44:24","date_gmt":"2025-02-20T15:44:24","guid":{"rendered":"https:\/\/ladepeche.mr\/?p=14255"},"modified":"2025-02-20T15:44:24","modified_gmt":"2025-02-20T15:44:24","slug":"mauritanie-peche-des-agrements-exigibles-des-transporteurs-a-partir-du-1er-avril-2025","status":"publish","type":"post","link":"https:\/\/ladepeche.mr\/?p=14255","title":{"rendered":"Mauritanie-P\u00eache : Des agr\u00e9ments exigibles des transporteurs \u00e0 partir du 1er avril 2025"},"content":{"rendered":"<p>Non, ce ne sera pas un poisson d\u2019avril. Le ministre de la P\u00eache, des Infrastructures maritimes et portuaires vient d\u2019exiger que les v\u00e9hicules de transport des produits de la p\u00eache soient munis d\u2019agr\u00e9ments pour mener cette activit\u00e9.<\/p>\n<p>La d\u00e9cision a \u00e9t\u00e9 rendue publique mercredi par arr\u00eat\u00e9 du ministre de la P\u00eache, des Infrastructures maritimes et portuaires. Elle entre en vigueur \u00e0 partir du 1<sup>er<\/sup> avril 2025.<\/p>\n<p>Le ministre a inscrit cette exigence dans Ie cadre de sa strat\u00e9gie de contr\u00f4le et de suivi des produits de la p\u00eache et de l\u2019aquaculture.<\/p>\n<p>L\u2019agr\u00e9ment sanitaire pour le transport des produits est d\u00e9livr\u00e9 par l\u2019Onispa.<\/p>\n","protected":false},"excerpt":{"rendered":"<p>Non, ce ne sera pas un poisson d\u2019avril. Le ministre de la P\u00eache, des Infrastructures maritimes et portuaires vient d\u2019exiger que les v\u00e9hicules de transport des produits de la p\u00eache soient munis d\u2019agr\u00e9ments pour mener cette activit\u00e9. La d\u00e9cision a \u00e9t\u00e9 rendue publique mercredi par arr\u00eat\u00e9 du ministre de la P\u00eache, des Infrastructures maritimes et &hellip;<\/p>\n","protected":false},"author":2,"featured_media":14256,"comment_status":"open","ping_status":"open","sticky":false,"template":"","format":"standard","meta":{"footnotes":""},"categories":[18,2],"tags":[],"class_list":["post-14255","post","type-post","status-publish","format-standard","has-post-thumbnail","hentry","category-actualites","category-economie"],"_links":{"self":[{"href":"https:\/\/ladepeche.mr\/index.php?rest_route=\/wp\/v2\/posts\/14255","targetHints":{"allow":["GET"]}}],"collection":[{"href":"https:\/\/ladepeche.mr\/index.php?rest_route=\/wp\/v2\/posts"}],"about":[{"href":"https:\/\/ladepeche.mr\/index.php?rest_route=\/wp\/v2\/types\/post"}],"author":[{"embeddable":true,"href":"https:\/\/ladepeche.mr\/index.php?rest_route=\/wp\/v2\/users\/2"}],"replies":[{"embeddable":true,"href":"https:\/\/ladepeche.mr\/index.php?rest_route=%2Fwp%2Fv2%2Fcomments&post=14255"}],"version-history":[{"count":1,"href":"https:\/\/ladepeche.mr\/index.php?rest_route=\/wp\/v2\/posts\/14255\/revisions"}],"predecessor-version":[{"id":14257,"href":"https:\/\/ladepeche.mr\/index.php?rest_route=\/wp\/v2\/posts\/14255\/revisions\/14257"}],"wp:featuredmedia":[{"embeddable":true,"href":"https:\/\/ladepeche.mr\/index.php?rest_route=\/wp\/v2\/media\/14256"}],"wp:attachment":[{"href":"https:\/\/ladepeche.mr\/index.php?rest_route=%2Fwp%2Fv2%2Fmedia&parent=14255"}],"wp:term":[{"taxonomy":"category","embeddable":true,"href":"https:\/\/ladepeche.mr\/index.php?rest_route=%2Fwp%2Fv2%2Fcategories&post=14255"},{"taxonomy":"post_tag","embeddable":true,"href":"https:\/\/ladepeche.mr\/index.php?rest_route=%2Fwp%2Fv2%2Ftags&post=14255"}],"curies":[{"name":"wp","href":"https:\/\/api.w.org\/{rel}","templated":true}]}}