{"id":14258,"date":"2025-02-20T16:11:28","date_gmt":"2025-02-20T16:11:28","guid":{"rendered":"https:\/\/ladepeche.mr\/?p=14258"},"modified":"2025-02-20T16:11:28","modified_gmt":"2025-02-20T16:11:28","slug":"la-mauritanie-et-lunion-europeenne-dialogue-de-partenariat-2025","status":"publish","type":"post","link":"https:\/\/ladepeche.mr\/?p=14258","title":{"rendered":"La Mauritanie et l\u2019Union europ\u00e9enne : dialogue de partenariat 2025."},"content":{"rendered":"<div class=\"xdj266r x11i5rnm xat24cr x1mh8g0r x1vvkbs x126k92a\">\n<div dir=\"auto\">Au titre du partenariat mis en place avec l\u2019Accord de Samoa, l\u2019Union europ\u00e9enne et la Mauritanie ont tenu la r\u00e9union du dialogue de partenariat (anciennement appel\u00e9 \u00ab dialogue politique \u00bb), ce 19 f\u00e9vrier sous la pr\u00e9sidence du Premier Ministre Mokhtar DIAYE.<\/div>\n<\/div>\n<div class=\"x11i5rnm xat24cr x1mh8g0r x1vvkbs xtlvy1s x126k92a\">\n<div dir=\"auto\">Cette rencontre permet de passer en revue des sujets relatifs aux relations bilat\u00e9rales et aux questions sous r\u00e9gionales et internationales d\u2019int\u00e9r\u00eat commun : Situation humanitaire, Migration, Droits de l&#8217;homme, Sant\u00e9, Economie, Energie ; dans un contexte de renforcement global des relations entre l\u2019UE et la Mauritanie et d\u2019une augmentation et diversification des appuis de l\u2019\u00e9quipe Europe \u00e0 la Mauritanie ces derni\u00e8res ann\u00e9es.<\/div>\n<\/div>\n<div class=\"x11i5rnm xat24cr x1mh8g0r x1vvkbs xtlvy1s x126k92a\">\n<div dir=\"auto\">L\u2019\u00e9quipe Europe \u00e9tait repr\u00e9sent\u00e9e par les Ambassadeurs de l\u2019Union Europ\u00e9enne, d\u2019Allemagne, Espagne, de France et d\u2019Italie.<\/div>\n<div dir=\"auto\">Les discussions entre les participants ont \u00e9t\u00e9 men\u00e9es dans une atmosph\u00e8re chaleureuse et de compr\u00e9hension mutuelle. A la fin de la r\u00e9union, les deux parties ont renouvel\u00e9 leur engagement \u00e0 poursuivre leurs \u00e9changes sur la base d\u2019un dialogue constructif et d\u2019un partenariat fructueux.<\/div>\n<div dir=\"auto\">D\u00e9l\u00e9gation UE \u00e0 Nouakchott<\/div>\n<\/div>\n","protected":false},"excerpt":{"rendered":"<p>Au titre du partenariat mis en place avec l\u2019Accord de Samoa, l\u2019Union europ\u00e9enne et la Mauritanie ont tenu la r\u00e9union du dialogue de partenariat (anciennement appel\u00e9 \u00ab dialogue politique \u00bb), ce 19 f\u00e9vrier sous la pr\u00e9sidence du Premier Ministre Mokhtar DIAYE. Cette rencontre permet de passer en revue des sujets relatifs aux relations bilat\u00e9rales et &hellip;<\/p>\n","protected":false},"author":2,"featured_media":14259,"comment_status":"open","ping_status":"open","sticky":false,"template":"","format":"standard","meta":{"footnotes":""},"categories":[18,2],"tags":[],"class_list":["post-14258","post","type-post","status-publish","format-standard","has-post-thumbnail","hentry","category-actualites","category-economie"],"_links":{"self":[{"href":"https:\/\/ladepeche.mr\/index.php?rest_route=\/wp\/v2\/posts\/14258","targetHints":{"allow":["GET"]}}],"collection":[{"href":"https:\/\/ladepeche.mr\/index.php?rest_route=\/wp\/v2\/posts"}],"about":[{"href":"https:\/\/ladepeche.mr\/index.php?rest_route=\/wp\/v2\/types\/post"}],"author":[{"embeddable":true,"href":"https:\/\/ladepeche.mr\/index.php?rest_route=\/wp\/v2\/users\/2"}],"replies":[{"embeddable":true,"href":"https:\/\/ladepeche.mr\/index.php?rest_route=%2Fwp%2Fv2%2Fcomments&post=14258"}],"version-history":[{"count":1,"href":"https:\/\/ladepeche.mr\/index.php?rest_route=\/wp\/v2\/posts\/14258\/revisions"}],"predecessor-version":[{"id":14260,"href":"https:\/\/ladepeche.mr\/index.php?rest_route=\/wp\/v2\/posts\/14258\/revisions\/14260"}],"wp:featuredmedia":[{"embeddable":true,"href":"https:\/\/ladepeche.mr\/index.php?rest_route=\/wp\/v2\/media\/14259"}],"wp:attachment":[{"href":"https:\/\/ladepeche.mr\/index.php?rest_route=%2Fwp%2Fv2%2Fmedia&parent=14258"}],"wp:term":[{"taxonomy":"category","embeddable":true,"href":"https:\/\/ladepeche.mr\/index.php?rest_route=%2Fwp%2Fv2%2Fcategories&post=14258"},{"taxonomy":"post_tag","embeddable":true,"href":"https:\/\/ladepeche.mr\/index.php?rest_route=%2Fwp%2Fv2%2Ftags&post=14258"}],"curies":[{"name":"wp","href":"https:\/\/api.w.org\/{rel}","templated":true}]}}