{"id":14270,"date":"2025-02-20T22:32:56","date_gmt":"2025-02-20T22:32:56","guid":{"rendered":"https:\/\/ladepeche.mr\/?p=14270"},"modified":"2025-02-20T22:32:56","modified_gmt":"2025-02-20T22:32:56","slug":"heritage-de-mohamed-attigh-le-depute-de-nouadhibou-et-neveu-du-disparu-se-dit-victime-dune-cabale","status":"publish","type":"post","link":"https:\/\/ladepeche.mr\/?p=14270","title":{"rendered":"H\u00e9ritage de Mohamed Attigh\u00a0: Le d\u00e9put\u00e9 de Nouadhibou et neveu du disparu se dit victime d&#8217;une cabale"},"content":{"rendered":"<p>Un juge de Nouadhibou aurait convoqu\u00e9 Mohamed Yila Ould Abdessalam, d\u00e9put\u00e9 de Nouadhibou et neveu de feu l&#8217;homme d&#8217;affaires Mohamed Ould Attigh au sujet d\u2019une question d\u2019h\u00e9ritage que des ayants-droits du disparu r\u00e9clameraient.<\/p>\n<p>Un proc\u00e8s pour d\u00e9terminer les responsabilit\u00e9s dans la r\u00e9partition de l\u2019h\u00e9ritage a \u00e9t\u00e9 ouvert aujourd\u2019hui dans notre capitale \u00e9conomique. Un fr\u00e8re du d\u00e9funt accuserait le d\u00e9put\u00e9 de manipulations de l&#8217;h\u00e9ritage.<\/p>\n<p>L\u2019avocat de la partie adverse, Me Mohamed Ould Moine, avait convoqu\u00e9 les m\u00e9dias locaux devant le palais de Justice de notre capitale \u00e9conomique pour faire des d\u00e9clarations relativement \u00e0 cette affaire.<\/p>\n<p>Dans un enregistrement, peu avant de r\u00e9pondre, \u00e0 la convocation du juge, le d\u00e9put\u00e9, qui en droit musulman n\u2019est pas consid\u00e9r\u00e9 comme un h\u00e9ritier du disparu, a ni\u00e9 toute tentative de s\u2019enfuir dont l\u2019accablerait l\u2019autre partie. Le d\u00e9put\u00e9 dit son intime conviction que les accusations de l\u2019avocat ne seraient que \u00abdes affabulations prof\u00e9r\u00e9es\u00a0\u00bb contre lui et dont il ne pourrait prouver la v\u00e9racit\u00e9.<\/p>\n<p>Cette affaire, rappelle-t-on, retient l\u2019attention de l\u2019opinion publique \u00e0 Nouadhibou et risquerait, si elle n\u2019est pas canalis\u00e9e, de connaitre des d\u00e9bordements.<\/p>\n","protected":false},"excerpt":{"rendered":"<p>Un juge de Nouadhibou aurait convoqu\u00e9 Mohamed Yila Ould Abdessalam, d\u00e9put\u00e9 de Nouadhibou et neveu de feu l&#8217;homme d&#8217;affaires Mohamed Ould Attigh au sujet d\u2019une question d\u2019h\u00e9ritage que des ayants-droits du disparu r\u00e9clameraient. Un proc\u00e8s pour d\u00e9terminer les responsabilit\u00e9s dans la r\u00e9partition de l\u2019h\u00e9ritage a \u00e9t\u00e9 ouvert aujourd\u2019hui dans notre capitale \u00e9conomique. Un fr\u00e8re du &hellip;<\/p>\n","protected":false},"author":2,"featured_media":14271,"comment_status":"open","ping_status":"open","sticky":false,"template":"","format":"standard","meta":{"footnotes":""},"categories":[18],"tags":[],"class_list":["post-14270","post","type-post","status-publish","format-standard","has-post-thumbnail","hentry","category-actualites"],"_links":{"self":[{"href":"https:\/\/ladepeche.mr\/index.php?rest_route=\/wp\/v2\/posts\/14270","targetHints":{"allow":["GET"]}}],"collection":[{"href":"https:\/\/ladepeche.mr\/index.php?rest_route=\/wp\/v2\/posts"}],"about":[{"href":"https:\/\/ladepeche.mr\/index.php?rest_route=\/wp\/v2\/types\/post"}],"author":[{"embeddable":true,"href":"https:\/\/ladepeche.mr\/index.php?rest_route=\/wp\/v2\/users\/2"}],"replies":[{"embeddable":true,"href":"https:\/\/ladepeche.mr\/index.php?rest_route=%2Fwp%2Fv2%2Fcomments&post=14270"}],"version-history":[{"count":1,"href":"https:\/\/ladepeche.mr\/index.php?rest_route=\/wp\/v2\/posts\/14270\/revisions"}],"predecessor-version":[{"id":14272,"href":"https:\/\/ladepeche.mr\/index.php?rest_route=\/wp\/v2\/posts\/14270\/revisions\/14272"}],"wp:featuredmedia":[{"embeddable":true,"href":"https:\/\/ladepeche.mr\/index.php?rest_route=\/wp\/v2\/media\/14271"}],"wp:attachment":[{"href":"https:\/\/ladepeche.mr\/index.php?rest_route=%2Fwp%2Fv2%2Fmedia&parent=14270"}],"wp:term":[{"taxonomy":"category","embeddable":true,"href":"https:\/\/ladepeche.mr\/index.php?rest_route=%2Fwp%2Fv2%2Fcategories&post=14270"},{"taxonomy":"post_tag","embeddable":true,"href":"https:\/\/ladepeche.mr\/index.php?rest_route=%2Fwp%2Fv2%2Ftags&post=14270"}],"curies":[{"name":"wp","href":"https:\/\/api.w.org\/{rel}","templated":true}]}}