{"id":14273,"date":"2025-02-21T10:41:49","date_gmt":"2025-02-21T10:41:49","guid":{"rendered":"https:\/\/ladepeche.mr\/?p=14273"},"modified":"2025-02-21T13:42:47","modified_gmt":"2025-02-21T13:42:47","slug":"exploitation-traditionnelle-de-lor-accord-trouve-entre-les-producteurs-et-maaden-sous-legide-de-lunpm","status":"publish","type":"post","link":"https:\/\/ladepeche.mr\/?p=14273","title":{"rendered":"Exploitation traditionnelle de l\u2019or\u00a0: Accord trouv\u00e9 entre les producteurs et Maaden sous l\u2019\u00e9gide de l\u2019Unpm"},"content":{"rendered":"<p>La situation de crise entre les producteurs d\u2019or artisanaux et l\u2019agence Maaden s\u2019est d\u00e9cant\u00e9e suite \u00e0 un accord intervenu jeudi entre les deux parties sous l\u2019\u00e9gide du pr\u00e9sident de l\u2019union nationale du patronat mauritanien (UNPM), Zein El Abidine Ould Cheikh Ahmed, annonce la f\u00e9d\u00e9ration des usiniers dans un communiqu\u00e9 rendu public jeudi.<\/p>\n<p>La f\u00e9d\u00e9ration nationale des usines d\u2019or, qui avait une premi\u00e8re fois d\u00e9menti l\u2019information diffus\u00e9e par nos soins sur une crise de confiance entre producteurs artisans et Maaden, exhorte d\u00e9sormais ses membres \u00e0 remettre leurs productions \u00e0 l\u2019agence Maaden.<\/p>\n<p>Selon cet accord, une collecte de l\u2019or aupr\u00e8s des exploitants artisanaux qui \u00e9taient r\u00e9calcitrants est programm\u00e9e pour vendredi \u00e0 Zou\u00e9rate et Samedi \u00e0 Chami.<\/p>\n<p>Selon certaines sources, non officielles, des assurances auraient \u00e9t\u00e9 donn\u00e9es par le pr\u00e9sident du patronat pour garantir le respect des int\u00e9r\u00eats des exploitants traditionnels.<\/p>\n<p>On indique, par ailleurs, que cette affaire devrait \u00eatre un pr\u00e9lude \u00e0 l\u2019entr\u00e9e de cette f\u00e9d\u00e9ration au sein de l\u2019organisation patronale (UNPM).<\/p>\n<p>Selon les derni\u00e8res statistiques, il existerait aujourd\u2019hui un peu plus de 25 usines de traitement de la production artisanale de l\u2019or. En l\u2019absence de comptoirs, la production dont une importante partie \u00e9chappe au circuit officiel est estim\u00e9e en valeur \u00e0 200 millions Usd en 2023.<\/p>\n<p>A noter que malgr\u00e9 l\u2019existence d\u2019une initiative men\u00e9e par quelques hommes d\u2019affaires pour fonder la Fenor, aux yeux de loi, il existerait au moins cat\u00e9gories professionnelles au sein du sous-secteur artisanal dont les int\u00e9r\u00eats ne sont pas toujours prot\u00e9g\u00e9s comme les orpailleurs eux-m\u00eames.<\/p>\n<p>L&#8217;agence Maaden qui devrait elle aussi tomber sous l&#8217;escarcelle du p\u00e9rim\u00e8tre de l&#8217;ITIE traine toujours des pieds pour ses statuts.<\/p>\n","protected":false},"excerpt":{"rendered":"<p>La situation de crise entre les producteurs d\u2019or artisanaux et l\u2019agence Maaden s\u2019est d\u00e9cant\u00e9e suite \u00e0 un accord intervenu jeudi entre les deux parties sous l\u2019\u00e9gide du pr\u00e9sident de l\u2019union nationale du patronat mauritanien (UNPM), Zein El Abidine Ould Cheikh Ahmed, annonce la f\u00e9d\u00e9ration des usiniers dans un communiqu\u00e9 rendu public jeudi. La f\u00e9d\u00e9ration nationale &hellip;<\/p>\n","protected":false},"author":2,"featured_media":14274,"comment_status":"open","ping_status":"open","sticky":false,"template":"","format":"standard","meta":{"footnotes":""},"categories":[18,2],"tags":[],"class_list":["post-14273","post","type-post","status-publish","format-standard","has-post-thumbnail","hentry","category-actualites","category-economie"],"_links":{"self":[{"href":"https:\/\/ladepeche.mr\/index.php?rest_route=\/wp\/v2\/posts\/14273","targetHints":{"allow":["GET"]}}],"collection":[{"href":"https:\/\/ladepeche.mr\/index.php?rest_route=\/wp\/v2\/posts"}],"about":[{"href":"https:\/\/ladepeche.mr\/index.php?rest_route=\/wp\/v2\/types\/post"}],"author":[{"embeddable":true,"href":"https:\/\/ladepeche.mr\/index.php?rest_route=\/wp\/v2\/users\/2"}],"replies":[{"embeddable":true,"href":"https:\/\/ladepeche.mr\/index.php?rest_route=%2Fwp%2Fv2%2Fcomments&post=14273"}],"version-history":[{"count":2,"href":"https:\/\/ladepeche.mr\/index.php?rest_route=\/wp\/v2\/posts\/14273\/revisions"}],"predecessor-version":[{"id":14279,"href":"https:\/\/ladepeche.mr\/index.php?rest_route=\/wp\/v2\/posts\/14273\/revisions\/14279"}],"wp:featuredmedia":[{"embeddable":true,"href":"https:\/\/ladepeche.mr\/index.php?rest_route=\/wp\/v2\/media\/14274"}],"wp:attachment":[{"href":"https:\/\/ladepeche.mr\/index.php?rest_route=%2Fwp%2Fv2%2Fmedia&parent=14273"}],"wp:term":[{"taxonomy":"category","embeddable":true,"href":"https:\/\/ladepeche.mr\/index.php?rest_route=%2Fwp%2Fv2%2Fcategories&post=14273"},{"taxonomy":"post_tag","embeddable":true,"href":"https:\/\/ladepeche.mr\/index.php?rest_route=%2Fwp%2Fv2%2Ftags&post=14273"}],"curies":[{"name":"wp","href":"https:\/\/api.w.org\/{rel}","templated":true}]}}