{"id":14276,"date":"2025-02-21T11:15:56","date_gmt":"2025-02-21T11:15:56","guid":{"rendered":"https:\/\/ladepeche.mr\/?p=14276"},"modified":"2025-02-21T10:59:00","modified_gmt":"2025-02-21T10:59:00","slug":"taazour-consacre-plus-de-50-milliards-mro-par-an-dans-la-lutte-contre-la-pauvrete-et-lexclusion","status":"publish","type":"post","link":"https:\/\/ladepeche.mr\/?p=14276","title":{"rendered":"Taazour consacre plus de 50 milliards MRO par an dans la lutte contre la pauvret\u00e9 et l\u2019exclusion"},"content":{"rendered":"<p>C\u2019est ce qu\u2019a affirm\u00e9, jeudi soir, le d\u00e9l\u00e9gu\u00e9 g\u00e9n\u00e9ral \u00e0 la solidarit\u00e9 nationale et \u00e0 la lutte contre l\u2019exclusion, Cheikh Abdellahi Bedda.<\/p>\n<p>Il s\u2019exprimait, \u00e0 l\u2019occasion, du lancement du programme \u00ab D\u00e9veloppement des villes de Taazour \u00bb, dans la moughataa de Toujounine, \u00e0 Nouakchott, en pr\u00e9sence du pr\u00e9sident de la R\u00e9publique, Mohamed Ould Cheikh El Ghazouani.<\/p>\n<p>Selon Ould Bedda, le dernier budget annuel allou\u00e9 \u00e0 la lutte contre la pauvret\u00e9 et l\u2019exclusion avant la prise de fonction du pr\u00e9sident Ghazouani en 2019 \u00e9tait de 7 milliards et 200 millions d\u2019anciennes ouguiyas.<\/p>\n<p>Ce programme, d\u2019apr\u00e8s les explications du d\u00e9l\u00e9gu\u00e9 g\u00e9n\u00e9ral \u00e0 la solidarit\u00e9 nationale et \u00e0 la lutte contre l\u2019exclusion, est con\u00e7u pour intervenir dans les zones de pauvret\u00e9 et de fragilit\u00e9, en fournissant des infrastructures et des services de base, en finan\u00e7ant des activit\u00e9s g\u00e9n\u00e9ratrices de revenus et des petites et moyennes entreprises.<\/p>\n<p>En annon\u00e7ant le lancement du programme \u00ab D\u00e9veloppement des villes de Taazour \u00bb, j\u2019appelle le gouvernement, les \u00e9lus et tous les acteurs nationaux, notamment les savants, les imams, les leaders d\u2019opinion, les hommes d\u2019affaires, les cadres, les jeunes et les femmes, \u00e0 s\u2019engager activement dans ce programme et ses grands objectifs, a d\u00e9clar\u00e9 le pr\u00e9sident Ghazouani.<\/p>\n<p>PAR CRIDEM<\/p>\n","protected":false},"excerpt":{"rendered":"<p>C\u2019est ce qu\u2019a affirm\u00e9, jeudi soir, le d\u00e9l\u00e9gu\u00e9 g\u00e9n\u00e9ral \u00e0 la solidarit\u00e9 nationale et \u00e0 la lutte contre l\u2019exclusion, Cheikh Abdellahi Bedda. Il s\u2019exprimait, \u00e0 l\u2019occasion, du lancement du programme \u00ab D\u00e9veloppement des villes de Taazour \u00bb, dans la moughataa de Toujounine, \u00e0 Nouakchott, en pr\u00e9sence du pr\u00e9sident de la R\u00e9publique, Mohamed Ould Cheikh El &hellip;<\/p>\n","protected":false},"author":2,"featured_media":14277,"comment_status":"open","ping_status":"open","sticky":false,"template":"","format":"standard","meta":{"footnotes":""},"categories":[18,2],"tags":[],"class_list":["post-14276","post","type-post","status-publish","format-standard","has-post-thumbnail","hentry","category-actualites","category-economie"],"_links":{"self":[{"href":"https:\/\/ladepeche.mr\/index.php?rest_route=\/wp\/v2\/posts\/14276","targetHints":{"allow":["GET"]}}],"collection":[{"href":"https:\/\/ladepeche.mr\/index.php?rest_route=\/wp\/v2\/posts"}],"about":[{"href":"https:\/\/ladepeche.mr\/index.php?rest_route=\/wp\/v2\/types\/post"}],"author":[{"embeddable":true,"href":"https:\/\/ladepeche.mr\/index.php?rest_route=\/wp\/v2\/users\/2"}],"replies":[{"embeddable":true,"href":"https:\/\/ladepeche.mr\/index.php?rest_route=%2Fwp%2Fv2%2Fcomments&post=14276"}],"version-history":[{"count":1,"href":"https:\/\/ladepeche.mr\/index.php?rest_route=\/wp\/v2\/posts\/14276\/revisions"}],"predecessor-version":[{"id":14278,"href":"https:\/\/ladepeche.mr\/index.php?rest_route=\/wp\/v2\/posts\/14276\/revisions\/14278"}],"wp:featuredmedia":[{"embeddable":true,"href":"https:\/\/ladepeche.mr\/index.php?rest_route=\/wp\/v2\/media\/14277"}],"wp:attachment":[{"href":"https:\/\/ladepeche.mr\/index.php?rest_route=%2Fwp%2Fv2%2Fmedia&parent=14276"}],"wp:term":[{"taxonomy":"category","embeddable":true,"href":"https:\/\/ladepeche.mr\/index.php?rest_route=%2Fwp%2Fv2%2Fcategories&post=14276"},{"taxonomy":"post_tag","embeddable":true,"href":"https:\/\/ladepeche.mr\/index.php?rest_route=%2Fwp%2Fv2%2Ftags&post=14276"}],"curies":[{"name":"wp","href":"https:\/\/api.w.org\/{rel}","templated":true}]}}