{"id":14280,"date":"2025-02-21T15:13:16","date_gmt":"2025-02-21T15:13:16","guid":{"rendered":"https:\/\/ladepeche.mr\/?p=14280"},"modified":"2025-02-21T15:13:16","modified_gmt":"2025-02-21T15:13:16","slug":"la-cote-divoire-prend-le-controle-de-la-derniere-base-militaire-francaise","status":"publish","type":"post","link":"https:\/\/ladepeche.mr\/?p=14280","title":{"rendered":"La C\u00f4te d&#8217;Ivoire prend le contr\u00f4le de la derni\u00e8re base militaire fran\u00e7aise"},"content":{"rendered":"<p data-t=\"{&quot;n&quot;:&quot;blueLinks&quot;}\"><strong>Ce geste marque une nouvelle phase dans la r\u00e9organisation de la pr\u00e9sence militaire fran\u00e7aise en Afrique de l\u2019Ouest, o\u00f9 les relations avec Paris ont \u00e9t\u00e9 de plus en plus tendues ces derni\u00e8res ann\u00e9es.<\/strong><\/p>\n<div class=\"article-image-slot image-slot-placeholder\" data-doc-id=\"cms\/api\/amp\/image\/AA1zsuvL\">\n<div class=\"article-image-slot\">\n<div class=\"article-image-container polished\" data-t=\"{&quot;n&quot;:&quot;OpenModal&quot;,&quot;t&quot;:13,&quot;b&quot;:8,&quot;c.i&quot;:&quot;AA1zsnCv&quot;,&quot;c.l&quot;:false,&quot;c.t&quot;:13,&quot;c.v&quot;:&quot;news&quot;,&quot;c.c&quot;:&quot;others&quot;,&quot;c.b&quot;:&quot;Euronews fran\u00e7ais&quot;,&quot;c.bi&quot;:&quot;AA2qy7x&quot;,&quot;c.tv&quot;:&quot;politics&quot;,&quot;c.tc&quot;:&quot;international-relations&quot;,&quot;c.hl&quot;:&quot;La C\u00f4te d'Ivoire prend le contr\u00f4le de la derni\u00e8re base militaire fran\u00e7aise&quot;}\" data-test-id=\"AA1zsuvL\">\n<p data-t=\"{&quot;n&quot;:&quot;blueLinks&quot;}\"><strong>Le jeudi 15 f\u00e9vrier, la C\u00f4te d&#8217;Ivoire a franchi un cap majeur dans ses relations avec la France. Le pays a officiellement pris le contr\u00f4le de la derni\u00e8re base militaire fran\u00e7aise qui se trouvait encore sur son territoire.<\/strong><\/p>\n<p data-t=\"{&quot;n&quot;:&quot;blueLinks&quot;}\">Ce geste marque une nouvelle phase dans la r\u00e9organisation de la pr\u00e9sence militaire fran\u00e7aise en Afrique de l\u2019Ouest, une r\u00e9gion o\u00f9 les relations avec Paris ont \u00e9t\u00e9 de plus en plus tendues ces derni\u00e8res ann\u00e9es.<\/p>\n<p data-t=\"{&quot;n&quot;:&quot;blueLinks&quot;}\"><strong>Les ministres des Affaires Etrang\u00e8res du G20 ont commenc\u00e9 \u00e0 se r\u00e9unir \u00e0 Johannesburg, au tour du th\u00e8me solidarit\u00e9, \u00e9galit\u00e9 et d\u00e9veloppement durable.<\/strong><\/p>\n<div class=\"article-image-slot image-slot-placeholder\" data-doc-id=\"cms\/api\/amp\/image\/AA1zrXqp\">\n<div class=\"article-image-slot\">\n<div class=\"article-image-container polished\" data-t=\"{&quot;n&quot;:&quot;OpenModal&quot;,&quot;t&quot;:13,&quot;b&quot;:8,&quot;c.i&quot;:&quot;AA1zvfOl&quot;,&quot;c.l&quot;:false,&quot;c.t&quot;:13,&quot;c.v&quot;:&quot;news&quot;,&quot;c.c&quot;:&quot;newsafrica&quot;,&quot;c.b&quot;:&quot;Euronews fran\u00e7ais&quot;,&quot;c.bi&quot;:&quot;AA2qy7x&quot;,&quot;c.tv&quot;:&quot;politics&quot;,&quot;c.tc&quot;:&quot;international-relations&quot;,&quot;c.hl&quot;:&quot;Afrique du Sud : tensions diplomatiques au sommet du G20&quot;}\" data-test-id=\"AA1zrXqp\">\n<div><\/div>\n<p><button class=\"article-image-height-wrapper expandable article-image-height-wrapper-new\" data-customhandled=\"true\" data-t=\"{&quot;n&quot;:&quot;OpenModalButton&quot;,&quot;b&quot;:1,&quot;c.i&quot;:&quot;AA1zvfOl&quot;,&quot;c.l&quot;:false,&quot;c.t&quot;:13,&quot;c.v&quot;:&quot;news&quot;,&quot;c.c&quot;:&quot;newsafrica&quot;,&quot;c.b&quot;:&quot;Euronews fran\u00e7ais&quot;,&quot;c.bi&quot;:&quot;AA2qy7x&quot;,&quot;c.tv&quot;:&quot;politics&quot;,&quot;c.tc&quot;:&quot;international-relations&quot;,&quot;c.hl&quot;:&quot;Afrique du Sud : tensions diplomatiques au sommet du G20&quot;}\"><img decoding=\"async\" class=\"article-image article-image-ux-impr article-image-new expandable\" title=\"Le pr\u00e9sident sud-africain Cyril Ramaphosa, G20 \u00e0 Johannesburg, en Afrique du Sud, le jeudi 20 f\u00e9vrier 2025.\" src=\"https:\/\/img-s-msn-com.akamaized.net\/tenant\/amp\/entityid\/AA1zrXqp.img?w=534&amp;h=300&amp;m=6&amp;x=638&amp;y=109&amp;s=57&amp;d=57\" alt=\"Le pr\u00e9sident sud-africain Cyril Ramaphosa, G20 \u00e0 Johannesburg, en Afrique du Sud, le jeudi 20 f\u00e9vrier 2025.\" \/><\/button><\/p>\n<div class=\"image-caption-container image-caption-container-ux-impr articlewc-image-caption-container \"><span class=\"image-caption\">Le pr\u00e9sident sud-africain Cyril Ramaphosa, G20 \u00e0 Johannesburg, en Afrique du Sud, le jeudi 20 f\u00e9vrier 2025.<\/span><span class=\"image-attribution image-attribution-ux-impr\">\u00a9\u00a0AP Photo<\/span><\/div>\n<\/div>\n<\/div>\n<\/div>\n<p data-t=\"{&quot;n&quot;:&quot;blueLinks&quot;}\"><strong>Le sommet du G20 pr\u00e9sid\u00e9 par l&#8217;Afrique du Sud, s&#8217;ouvre dans un contexte diplomatique assez particulier.<\/strong><\/p>\n<p data-t=\"{&quot;n&quot;:&quot;blueLinks&quot;}\">Au sein du groupe des 20, l&#8217;ambiance est plut\u00f4t morose. Le secr\u00e9taire d&#8217;\u00c9tat am\u00e9ricain, Marco Rubio absent, les Etats-Unis seront repr\u00e9sent\u00e9 par Dana Brown, l&#8217;ambassadrice par int\u00e9rim dans le pays. En cause, un diff\u00e9rend pend entre Pretoria et Washington au sujet d&#8217;une r\u00e9forme terrienne jug\u00e9e agressive et disproportionn\u00e9e par le pr\u00e9sident Donald Trump.<\/p>\n<div class=\"article-video-slot no-min-height\" data-doc-id=\"AA1zv8hK\" data-content-embed-type=\"partner\">\n<div class=\"article-video-slot no-min-height\">\n<div class=\"video-wrapper  \" tabindex=\"0\">\n<div class=\" videocard1PP video-embed-common  \">\n<div class=\" content-video-container  large-title   \" role=\"button\" data-t=\"{&quot;n&quot;:&quot;ContentVideoPlayer&quot;,&quot;t&quot;:61,&quot;c.i&quot;:&quot;AA1zv8hK&quot;,&quot;c.l&quot;:false,&quot;c.t&quot;:61,&quot;c.v&quot;:&quot;news&quot;,&quot;c.c&quot;:&quot;newsafrica&quot;,&quot;c.b&quot;:&quot;Euronews fran\u00e7ais&quot;,&quot;c.bi&quot;:&quot;AA2qy7x&quot;,&quot;ext&quot;:{&quot;videoId&quot;:&quot;AA1zv8hK&quot;,&quot;videoCs&quot;:&quot;AA2qy7x&quot;,&quot;eventType&quot;:36,&quot;timeElasped&quot;:0,&quot;videoFormatCode&quot;:1006,&quot;title&quot;:&quot;Afrique du Sud : tensions diplomatiques au sommet du G20&quot;,&quot;videoDuration&quot;:58,&quot;fr&quot;:&quot;fr-xl_news&quot;,&quot;playType&quot;:&quot;embed&quot;,&quot;playerTech&quot;:&quot;MSNPlayer&quot;,&quot;size&quot;:&quot;535x301&quot;,&quot;isContinuous&quot;:false,&quot;isMuted&quot;:true,&quot;playDuration&quot;:0,&quot;inline&quot;:true,&quot;videoPlayerType&quot;:&quot;PartnerEmbed&quot;,&quot;videoUrl&quot;:&quot;https:\/\/fr.africanews.com\/2025\/02\/20\/afrique-du-sud-tensions-diplomatiques-au-sommet-du-g20\/?utm_source=microsoft&amp;utm_campaign=feeds_business&amp;utm_medium=referral&quot;,&quot;perf&quot;:{}},&quot;c.hl&quot;:&quot;Afrique du Sud : tensions diplomatiques au sommet du G20&quot;}\">\n<div id=\"vjs_video_736\" class=\"video-js vjs-msn vjs-fill vjs-paused vjs_video_736-dimensions vjs-controls-enabled vjs-workinghover vjs-v7 vjs-user-active vjs-layout-medium vjs-qualitymenu vjs-telemetry\" lang=\"fr-xl\" tabindex=\"-1\" role=\"region\" translate=\"no\" data-setup=\"{ &quot;inactivityTimeout&quot;: 0 }\" aria-label=\"Video Player\"><video id=\"vjs_video_736_html5_api\" class=\"vjs-tech\" tabindex=\"-1\" src=\"blob:https:\/\/www.msn.com\/0962a2f1-74aa-45b2-becc-554bd608fd2f\" poster=\"https:\/\/img-s-msn-com.akamaized.net\/tenant\/amp\/entityid\/AA1zv8iC.img?w=535&amp;h=301&amp;q=60&amp;m=6&amp;f=jpg&amp;u=t\" preload=\"auto\" muted=\"muted\" width=\"300\" height=\"150\" data-setup=\"{ &quot;inactivityTimeout&quot;: 0 }\" data-customhandled=\"true\" data-t=\"{&quot;n&quot;:&quot;Player&quot;,&quot;t&quot;:61,&quot;a&quot;:&quot;click&quot;,&quot;b&quot;:57,&quot;ext&quot;:{&quot;videoCs&quot;:&quot;AA1zv8hK&quot;,&quot;videoFormatCode&quot;:1006,&quot;title&quot;:&quot;Afrique du Sud : tensions diplomatiques au sommet du G20&quot;,&quot;videoDuration&quot;:58,&quot;playerInstanceId&quot;:&quot;vjs_video_736_html5_api&quot;,&quot;playType&quot;:&quot;pb&quot;,&quot;playerTech&quot;:&quot;HTML5&quot;,&quot;pluginVersion&quot;:&quot;HTML5&quot;,&quot;size&quot;:&quot;535x301&quot;,&quot;videoPlayerType&quot;:&quot;mp4:progressive&quot;,&quot;playerType&quot;:&quot;HTML5&quot;,&quot;videoUrl&quot;:&quot;https:\/\/prod-streaming-video-msn-com.akamaized.net\/v1\/eus003\/124c7818-f145-4ce1-8691-1f62f4247c83\/04a4a7b6-22d7-4415-9471-322776663f3d.m3u8&quot;}}\" data-mce-fragment=\"1\"><\/video><\/p>\n<div class=\"vjs-poster\" tabindex=\"-1\" aria-disabled=\"false\"><\/div>\n<div class=\"vjs-text-track-display\" translate=\"yes\" aria-live=\"off\" aria-atomic=\"true\">\n<div><\/div>\n<\/div>\n<p><button class=\"vjs-big-play-button\" title=\"Play Video\" type=\"button\" aria-disabled=\"false\" data-customhandled=\"true\" data-t=\"{&quot;n&quot;:&quot;BigPlayButton&quot;,&quot;t&quot;:61,&quot;a&quot;:&quot;click&quot;,&quot;b&quot;:57,&quot;ext&quot;:{&quot;videoCs&quot;:&quot;AA1zv8hK&quot;,&quot;videoFormatCode&quot;:1006,&quot;title&quot;:&quot;Afrique du Sud : tensions diplomatiques au sommet du G20&quot;,&quot;videoDuration&quot;:58,&quot;playerInstanceId&quot;:&quot;vjs_video_736_html5_api&quot;,&quot;playType&quot;:&quot;pb&quot;,&quot;playerTech&quot;:&quot;HTML5&quot;,&quot;pluginVersion&quot;:&quot;HTML5&quot;,&quot;size&quot;:&quot;535x301&quot;,&quot;videoPlayerType&quot;:&quot;mp4:progressive&quot;,&quot;playerType&quot;:&quot;HTML5&quot;,&quot;videoUrl&quot;:&quot;https:\/\/prod-streaming-video-msn-com.akamaized.net\/v1\/eus003\/124c7818-f145-4ce1-8691-1f62f4247c83\/04a4a7b6-22d7-4415-9471-322776663f3d.m3u8&quot;}}\"><span class=\"vjs-control-text\" aria-live=\"polite\">Play Video<\/span><\/button><\/p>\n<div class=\"vjs-title-bar\">\n<div class=\"vjs-title-provider\"><img decoding=\"async\" class=\"vjs-title-provider-img\" src=\"https:\/\/img-s-msn-com.akamaized.net\/tenant\/amp\/entityid\/BB1r1ZzF.img?w=16&amp;h=16&amp;q=60&amp;m=6&amp;f=jpg&amp;u=t\" alt=\"\" \/><span class=\"vjs-title-provider-name\">Euronews fran\u00e7ais<\/span><\/div>\n<div class=\"vjs-title-text\">Afrique du Sud : tensions diplomatiques au sommet du G20<\/div>\n<\/div>\n<div class=\"vjs-volume-panel vjs-control vjs-volume-panel-vertical endSlate-volumePanel\" data-customhandled=\"true\" data-t=\"{&quot;n&quot;:&quot;VolumePanel&quot;,&quot;t&quot;:61,&quot;a&quot;:&quot;click&quot;,&quot;b&quot;:60,&quot;ext&quot;:{&quot;videoCs&quot;:&quot;AA1zv8hK&quot;,&quot;videoFormatCode&quot;:1006,&quot;title&quot;:&quot;Afrique du Sud : tensions diplomatiques au sommet du G20&quot;,&quot;videoDuration&quot;:58,&quot;playerInstanceId&quot;:&quot;vjs_video_736_html5_api&quot;,&quot;playType&quot;:&quot;pb&quot;,&quot;playerTech&quot;:&quot;HTML5&quot;,&quot;pluginVersion&quot;:&quot;HTML5&quot;,&quot;size&quot;:&quot;535x301&quot;,&quot;videoPlayerType&quot;:&quot;mp4:progressive&quot;,&quot;playerType&quot;:&quot;HTML5&quot;,&quot;videoUrl&quot;:&quot;https:\/\/prod-streaming-video-msn-com.akamaized.net\/v1\/eus003\/124c7818-f145-4ce1-8691-1f62f4247c83\/04a4a7b6-22d7-4415-9471-322776663f3d.m3u8&quot;}}\"><button class=\"vjs-mute-control vjs-control vjs-button vjs-vol-0\" title=\"Activer les notifications\" type=\"button\" aria-disabled=\"false\" data-customhandled=\"true\" data-t=\"{&quot;n&quot;:&quot;Unmute&quot;,&quot;t&quot;:61,&quot;a&quot;:&quot;click&quot;,&quot;b&quot;:20,&quot;ext&quot;:{&quot;videoCs&quot;:&quot;AA1zv8hK&quot;,&quot;videoFormatCode&quot;:1006,&quot;title&quot;:&quot;Afrique du Sud : tensions diplomatiques au sommet du G20&quot;,&quot;videoDuration&quot;:58,&quot;playerInstanceId&quot;:&quot;vjs_video_736_html5_api&quot;,&quot;playType&quot;:&quot;pb&quot;,&quot;playerTech&quot;:&quot;HTML5&quot;,&quot;pluginVersion&quot;:&quot;HTML5&quot;,&quot;size&quot;:&quot;535x301&quot;,&quot;videoPlayerType&quot;:&quot;mp4:progressive&quot;,&quot;playerType&quot;:&quot;HTML5&quot;,&quot;videoUrl&quot;:&quot;https:\/\/prod-streaming-video-msn-com.akamaized.net\/v1\/eus003\/124c7818-f145-4ce1-8691-1f62f4247c83\/04a4a7b6-22d7-4415-9471-322776663f3d.m3u8&quot;}}\"><span class=\"vjs-control-text\">Activer les notifications<\/span><\/button><\/p>\n<div class=\"vjs-volume-control vjs-control vjs-volume-vertical\">\n<div class=\"vjs-volume-label\">0<\/div>\n<div class=\"vjs-volume-bar vjs-slider-bar vjs-slider vjs-slider-vertical\" tabindex=\"0\" role=\"slider\" aria-valuenow=\"0\" aria-valuemin=\"0\" aria-valuemax=\"100\" aria-label=\"Volume Level\" aria-live=\"polite\" aria-valuetext=\"0%\" data-customhandled=\"true\" data-t=\"{&quot;n&quot;:&quot;100&quot;,&quot;t&quot;:11,&quot;a&quot;:&quot;click&quot;,&quot;b&quot;:60,&quot;ext&quot;:{&quot;videoCs&quot;:&quot;AA1zv8hK&quot;,&quot;videoFormatCode&quot;:1006,&quot;title&quot;:&quot;Afrique du Sud : tensions diplomatiques au sommet du G20&quot;,&quot;videoDuration&quot;:58,&quot;playerInstanceId&quot;:&quot;vjs_video_736_html5_api&quot;,&quot;playType&quot;:&quot;pb&quot;,&quot;playerTech&quot;:&quot;HTML5&quot;,&quot;pluginVersion&quot;:&quot;HTML5&quot;,&quot;size&quot;:&quot;535x301&quot;,&quot;videoPlayerType&quot;:&quot;mp4:progressive&quot;,&quot;playerType&quot;:&quot;HTML5&quot;,&quot;videoUrl&quot;:&quot;https:\/\/prod-streaming-video-msn-com.akamaized.net\/v1\/eus003\/124c7818-f145-4ce1-8691-1f62f4247c83\/04a4a7b6-22d7-4415-9471-322776663f3d.m3u8&quot;}}\">\n<div class=\"vjs-volume-level\"><\/div>\n<\/div>\n<\/div>\n<\/div>\n<\/div>\n<p><a class=\"overlay-open\" href=\"https:\/\/www.msn.com\/fr-xl\/video\/actualite\/afrique-du-sud-tensions-diplomatiques-au-sommet-du-g20\/vi-AA1zv8hK?ocid=msedgdhp\" target=\"_blank\" rel=\"noopener\" data-test-id=\"video-overlay\" data-t=\"{&quot;n&quot;:&quot;WatchMoreButton&quot;,&quot;t&quot;:61,&quot;a&quot;:&quot;click&quot;,&quot;b&quot;:1,&quot;d&quot;:&quot;https:\/\/www.msn.com\/fr-xl\/video\/actualite\/afrique-du-sud-tensions-diplomatiques-au-sommet-du-g20\/vi-AA1zv8hK?ocid=msedgdhp&quot;}\"><span class=\"cta-overlay-text\">Afficher sur Watch<\/span><img decoding=\"async\" src=\"https:\/\/assets.msn.com\/staticsb\/statics\/\/latest\/video-card-wc\/icons\/watch-more.svg\" alt=\"Afficher sur Watch\" \/><\/a><\/div>\n<\/div>\n<\/div>\n<\/div>\n<\/div>\n<p data-t=\"{&quot;n&quot;:&quot;blueLinks&quot;}\">Par ailleurs, l&#8217;ambiance \u00e0 ce sommet risque \u00e9galement d&#8217;\u00eatre plomb\u00e9e par les derni\u00e8res d\u00e9clarations du pr\u00e9sident am\u00e9ricain contre son homologue ukrainien qu&#8217;il a trait\u00e9 de dictateur sans \u00e9lections et engag\u00e9 une r\u00e9solution de la guerre avec son voisin russe sans son consentement.<\/p>\n<div class=\"intra-article-module\" data-t=\"{&quot;n&quot;:&quot;intraArticle&quot;,&quot;t&quot;:13}\">\n<div class=\"articlePageIntraArticleFullWidth ad-slot-placeholder left-image-intra-ad\" data-ad-index=\"0\">\n<div class=\"intra-article-ad-full left-image-intra-ad\"><\/div>\n<\/div>\n<\/div>\n<p data-t=\"{&quot;n&quot;:&quot;blueLinks&quot;}\">L&#8217;Europe en col\u00e8re puisque mise \u00e0 l&#8217;\u00e9cart des n\u00e9gociations a promis de continuer \u00e0 soutenir l&#8217;Ukraine tout en cherchant \u00e0 participer aux n\u00e9gociations sur un \u00e9ventuel cessez-le-feu.<\/p>\n<p class=\"continue-read-break\" data-t=\"{&quot;n&quot;:&quot;blueLinks&quot;}\">C&#8217;est dans ce contexte que les ministres des Affaires \u00c9trang\u00e8res du G20 ont commenc\u00e9 \u00e0 se r\u00e9unir \u00e0 Johannesburg, au tour du th\u00e8me solidarit\u00e9, \u00e9galit\u00e9 et d\u00e9veloppement durable. L&#8217;h\u00f4te de ce sommet, Cyril Ramaphosa a insist\u00e9 quant \u00e0 lui sur la n\u00e9cessit\u00e9 de coop\u00e9ration et de partenariat entre les pays du monde.<\/p>\n<p data-t=\"{&quot;n&quot;:&quot;blueLinks&quot;}\">Les pays du G20 repr\u00e9sentent 85 % du PIB mondial et plus de 75 % du commerce international et environ les deux tiers de la population mondiale.<\/p>\n<p data-t=\"{&quot;n&quot;:&quot;blueLinks&quot;}\">Le G20 est cens\u00e9 rassembler les pays afin de jeter les bases de la stabilit\u00e9 \u00e9conomique et du d\u00e9veloppement \u00e0 l&#8217;\u00e9chelle mondiale.<\/p>\n<p data-t=\"{&quot;n&quot;:&quot;blueLinks&quot;}\">Mais le groupe peine souvent \u00e0 atteindre un consensus significatif en raison des int\u00e9r\u00eats disparates des \u00c9tats-Unis, de l&#8217;Europe, de la Russie et de la Chine.<\/p>\n<div class=\"intra-article-module-bottom-slot\" data-t=\"{&quot;n&quot;:&quot;intraArticle&quot;,&quot;t&quot;:13}\">\n<h3 class=\"article-sub-heading\">&#8220;La France transforme sa pr\u00e9sence, la France ne dispara\u00eet pas&#8221;<\/h3>\n<p data-t=\"{&quot;n&quot;:&quot;blueLinks&quot;}\">S\u00e9bastien Lecornu, ministre des Arm\u00e9es de la France, a pr\u00e9cis\u00e9 que la France continuerait de maintenir une pr\u00e9sence, bien que r\u00e9duite, en C\u00f4te d&#8217;Ivoire. 80 soldats fran\u00e7ais resteront dans le pays, non plus dans un r\u00f4le de maintien de l\u2019ordre, mais dans une fonction de formation et de conseil aupr\u00e8s des Forces Arm\u00e9es Ivoiriennes (FAI).<\/p>\n<div class=\"intra-article-module\" data-t=\"{&quot;n&quot;:&quot;intraArticle&quot;,&quot;t&quot;:13}\">\n<div class=\"articlePageIntraArticleFullWidth ad-slot-placeholder left-image-intra-ad collapsed\" data-ad-index=\"1\">\n<div class=\"intra-article-ad-full left-image-intra-ad\"><\/div>\n<\/div>\n<\/div>\n<p class=\"continue-read-break\" data-t=\"{&quot;n&quot;:&quot;blueLinks&quot;}\">Lecornu a soulign\u00e9 que \u00ab la France transforme sa pr\u00e9sence, la France ne dispara\u00eet pas \u00bb, affirmant ainsi que, bien que l\u2019ancien mod\u00e8le militaire de coop\u00e9ration prenne fin, la France continuera de jouer un r\u00f4le important.<\/p>\n<p data-t=\"{&quot;n&quot;:&quot;blueLinks&quot;}\">Ce transfert de base s&#8217;inscrit dans une dynamique plus large, dans laquelle plusieurs pays d&#8217;Afrique de l&#8217;Ouest, tels que le Mali, le Burkina Faso et le Niger, ont demand\u00e9 \u00e0 la France de retirer ses troupes. En r\u00e9ponse \u00e0 ces demandes, la France r\u00e9organise sa pr\u00e9sence militaire sur le continent, cherchant \u00e0 adapter ses engagements face \u00e0 un climat de plus en plus hostile vis-\u00e0-vis de sa pr\u00e9sence.<\/p>\n<h2 class=\"article-sub-heading\"><strong>Une dynamique plus large de retrait militaire fran\u00e7ais<\/strong><\/h2>\n<p data-t=\"{&quot;n&quot;:&quot;blueLinks&quot;}\">L\u2019annonce de la C\u00f4te d&#8217;Ivoire intervient quelques mois apr\u00e8s que le Mali, le Burkina Faso et le Niger aient \u00e9galement demand\u00e9 le d\u00e9part des troupes fran\u00e7aises. Ces d\u00e9parts, qui touchent plusieurs bases et contingents, t\u00e9moignent d\u2019un changement majeur dans les relations militaires entre la France et ses anciennes colonies africaines.<\/p>\n<div class=\"intra-article-module\" data-t=\"{&quot;n&quot;:&quot;intraArticle&quot;,&quot;t&quot;:13}\">\n<div class=\"articlePageIntraArticleFullWidth ad-slot-placeholder left-image-intra-ad collapsed\" data-ad-index=\"2\">\n<div class=\"intra-article-ad-full left-image-intra-ad\"><\/div>\n<\/div>\n<\/div>\n<p data-t=\"{&quot;n&quot;:&quot;blueLinks&quot;}\">La C\u00f4te d&#8217;Ivoire, historiquement un alli\u00e9 strat\u00e9gique de la France, semble aujourd&#8217;hui se r\u00e9orienter vers une plus grande autonomie dans la gestion de sa s\u00e9curit\u00e9. Cependant, la coop\u00e9ration avec la France ne dispara\u00eet pas compl\u00e8tement. \u00c0 travers cette transition, les deux pays cherchent \u00e0 red\u00e9finir les bases d&#8217;une relation qui se veut d\u00e9sormais davantage partenariale et moins hi\u00e9rarchique.<\/p>\n<p data-t=\"{&quot;n&quot;:&quot;blueLinks&quot;}\">La C\u00f4te d&#8217;Ivoire, en prenant le contr\u00f4le de cette derni\u00e8re base militaire, envoie un message fort, \u00e0 la fois symbolique et strat\u00e9gique, sur son souhait de renforcer son ind\u00e9pendance tout en poursuivant une coop\u00e9ration avec la France, mais d\u00e9sormais sur de nouvelles bases.<\/p>\n<p data-t=\"{&quot;n&quot;:&quot;blueLinks&quot;}\"><a href=\"https:\/\/www.msn.com\/fr-xl\/actualite\/other\/la-c%C3%B4te-d-ivoire-prend-le-contr%C3%B4le-de-la-derni%C3%A8re-base-militaire-fran%C3%A7aise\/ar-AA1zsnCv?ocid=msedgdhp&amp;pc=U531&amp;cvid=c58a8826f895477fd1586327cf2c9806&amp;ei=18\">La C\u00f4te d&#8217;Ivoire prend le contr\u00f4le de la derni\u00e8re base militaire fran\u00e7aise<\/a><\/p>\n<div class=\"intra-article-module-bottom-slot\" data-t=\"{&quot;n&quot;:&quot;intraArticle&quot;,&quot;t&quot;:13}\"><\/div>\n<\/div>\n<\/div>\n<\/div>\n<\/div>\n","protected":false},"excerpt":{"rendered":"<p>Ce geste marque une nouvelle phase dans la r\u00e9organisation de la pr\u00e9sence militaire fran\u00e7aise en Afrique de l\u2019Ouest, o\u00f9 les relations avec Paris ont \u00e9t\u00e9 de plus en plus tendues ces derni\u00e8res ann\u00e9es. Le jeudi 15 f\u00e9vrier, la C\u00f4te d&#8217;Ivoire a franchi un cap majeur dans ses relations avec la France. Le pays a officiellement &hellip;<\/p>\n","protected":false},"author":2,"featured_media":14281,"comment_status":"open","ping_status":"open","sticky":false,"template":"","format":"standard","meta":{"footnotes":""},"categories":[18,29],"tags":[],"class_list":["post-14280","post","type-post","status-publish","format-standard","has-post-thumbnail","hentry","category-actualites","category-monde"],"_links":{"self":[{"href":"https:\/\/ladepeche.mr\/index.php?rest_route=\/wp\/v2\/posts\/14280","targetHints":{"allow":["GET"]}}],"collection":[{"href":"https:\/\/ladepeche.mr\/index.php?rest_route=\/wp\/v2\/posts"}],"about":[{"href":"https:\/\/ladepeche.mr\/index.php?rest_route=\/wp\/v2\/types\/post"}],"author":[{"embeddable":true,"href":"https:\/\/ladepeche.mr\/index.php?rest_route=\/wp\/v2\/users\/2"}],"replies":[{"embeddable":true,"href":"https:\/\/ladepeche.mr\/index.php?rest_route=%2Fwp%2Fv2%2Fcomments&post=14280"}],"version-history":[{"count":1,"href":"https:\/\/ladepeche.mr\/index.php?rest_route=\/wp\/v2\/posts\/14280\/revisions"}],"predecessor-version":[{"id":14282,"href":"https:\/\/ladepeche.mr\/index.php?rest_route=\/wp\/v2\/posts\/14280\/revisions\/14282"}],"wp:featuredmedia":[{"embeddable":true,"href":"https:\/\/ladepeche.mr\/index.php?rest_route=\/wp\/v2\/media\/14281"}],"wp:attachment":[{"href":"https:\/\/ladepeche.mr\/index.php?rest_route=%2Fwp%2Fv2%2Fmedia&parent=14280"}],"wp:term":[{"taxonomy":"category","embeddable":true,"href":"https:\/\/ladepeche.mr\/index.php?rest_route=%2Fwp%2Fv2%2Fcategories&post=14280"},{"taxonomy":"post_tag","embeddable":true,"href":"https:\/\/ladepeche.mr\/index.php?rest_route=%2Fwp%2Fv2%2Ftags&post=14280"}],"curies":[{"name":"wp","href":"https:\/\/api.w.org\/{rel}","templated":true}]}}