{"id":14294,"date":"2025-02-21T22:00:29","date_gmt":"2025-02-21T22:00:29","guid":{"rendered":"https:\/\/ladepeche.mr\/?p=14294"},"modified":"2025-02-21T22:02:58","modified_gmt":"2025-02-21T22:02:58","slug":"faune-le-flamant-nain-menaces-dextinction-refait-surface-au-pnd","status":"publish","type":"post","link":"https:\/\/ladepeche.mr\/?p=14294","title":{"rendered":"Faune sauvage: Le flamant nain, menac\u00e9 d\u2019extinction, refait surface au PND"},"content":{"rendered":"<p>Le flamant nain (Phoenicopterus minor) dont la population a fortement diminu\u00e9 dans le monde faisant craindre sa disparition de la faune retrouve dans le Parc National de Diawling en Mauritanie un nouveau havre de paix et de reproduction.<\/p>\n<p>\u00ab\u00a0Menac\u00e9 \u00bb d\u2019extinction selon l\u2019UICN, le flamant nain accusait une diminution \u00e0 l\u2019\u00e9chelle mondiale de population pour des raisons li\u00e9es \u00e0 la pollution, aux changements \u00e9cologiques sur ses sites de reproduction et aux d\u00e9rangements entre autres raisons.<\/p>\n<p>En effet, la pr\u00e9sence du flamant nain vient de battre un record in\u00e9gal\u00e9 depuis 2008 sur ce gite de retrouvailles des oiseaux avec le recensement de \u00ab\u00a0plus de 20.000 individus suppl\u00e9mentaires par rapport \u00e0 2024\u00a0\u00bb rev\u00e8le le PND suite \u00e0 des op\u00e9rations de comptages des oiseaux entam\u00e9es le 15 janvier 2025. Un d\u00e9compte qui d\u00e9nombre les flamants (roses et nains) \u00e0 une population de 45.773 individus recens\u00e9s. Preuve s\u2019il en \u00e9tait aussi de l\u2019importance du PND comme refuge pour ces esp\u00e8ces et de la n\u00e9cessit\u00e9 de la pr\u00e9servation des zones humides, v\u00e9ritables r\u00e9serves ornithologiques.<\/p>\n<p>Le parc national du Diawling (PND), rappelle-t-on, cr\u00e9\u00e9 en 1991, est zone humide, situ\u00e9e en Mauritanie dans le bas-delta du fleuve sur la rive droite du fleuve S\u00e9n\u00e9gal.<\/p>\n","protected":false},"excerpt":{"rendered":"<p>Le flamant nain (Phoenicopterus minor) dont la population a fortement diminu\u00e9 dans le monde faisant craindre sa disparition de la faune retrouve dans le Parc National de Diawling en Mauritanie un nouveau havre de paix et de reproduction. \u00ab\u00a0Menac\u00e9 \u00bb d\u2019extinction selon l\u2019UICN, le flamant nain accusait une diminution \u00e0 l\u2019\u00e9chelle mondiale de population pour &hellip;<\/p>\n","protected":false},"author":2,"featured_media":14295,"comment_status":"open","ping_status":"open","sticky":false,"template":"","format":"standard","meta":{"footnotes":""},"categories":[18,21],"tags":[],"class_list":["post-14294","post","type-post","status-publish","format-standard","has-post-thumbnail","hentry","category-actualites","category-fluctuations"],"_links":{"self":[{"href":"https:\/\/ladepeche.mr\/index.php?rest_route=\/wp\/v2\/posts\/14294","targetHints":{"allow":["GET"]}}],"collection":[{"href":"https:\/\/ladepeche.mr\/index.php?rest_route=\/wp\/v2\/posts"}],"about":[{"href":"https:\/\/ladepeche.mr\/index.php?rest_route=\/wp\/v2\/types\/post"}],"author":[{"embeddable":true,"href":"https:\/\/ladepeche.mr\/index.php?rest_route=\/wp\/v2\/users\/2"}],"replies":[{"embeddable":true,"href":"https:\/\/ladepeche.mr\/index.php?rest_route=%2Fwp%2Fv2%2Fcomments&post=14294"}],"version-history":[{"count":3,"href":"https:\/\/ladepeche.mr\/index.php?rest_route=\/wp\/v2\/posts\/14294\/revisions"}],"predecessor-version":[{"id":14298,"href":"https:\/\/ladepeche.mr\/index.php?rest_route=\/wp\/v2\/posts\/14294\/revisions\/14298"}],"wp:featuredmedia":[{"embeddable":true,"href":"https:\/\/ladepeche.mr\/index.php?rest_route=\/wp\/v2\/media\/14295"}],"wp:attachment":[{"href":"https:\/\/ladepeche.mr\/index.php?rest_route=%2Fwp%2Fv2%2Fmedia&parent=14294"}],"wp:term":[{"taxonomy":"category","embeddable":true,"href":"https:\/\/ladepeche.mr\/index.php?rest_route=%2Fwp%2Fv2%2Fcategories&post=14294"},{"taxonomy":"post_tag","embeddable":true,"href":"https:\/\/ladepeche.mr\/index.php?rest_route=%2Fwp%2Fv2%2Ftags&post=14294"}],"curies":[{"name":"wp","href":"https:\/\/api.w.org\/{rel}","templated":true}]}}