{"id":1430,"date":"2022-08-11T12:50:32","date_gmt":"2022-08-11T12:50:32","guid":{"rendered":"https:\/\/ladepeche.mr\/?p=1430"},"modified":"2022-08-11T12:51:15","modified_gmt":"2022-08-11T12:51:15","slug":"operationnalisation-de-sa-politique-genre-le-g5-sahel-balise-le-chemin","status":"publish","type":"post","link":"https:\/\/ladepeche.mr\/?p=1430","title":{"rendered":"Op\u00e9rationnalisation de sa Politique genre: le G5 Sahel balise le chemin"},"content":{"rendered":"<p>Au terme de trois jours de travaux, l\u2019atelier de concertation sur l\u2019op\u00e9rationnalisation\u00a0de la Politique genre du G5 Sahel dans les organes et structures de l\u2019institution \u00a0a pris fin \u00e0 Nouakchott. Les principales conclusions\u00a0 ont \u00e9t\u00e9 restitu\u00e9es au Secr\u00e9taire ex\u00e9cutif du G5 Sahel\u00a0entour\u00e9 de son staff.<\/p>\n<p>Ainsi analysant le contenu du projet de Politique genre du G5 sahel, les participants se sont accord\u00e9s sur les orientations de cette politique en termes de vision, d\u2019axes programmatiques et d\u2019actions prioritaires.<\/p>\n<p>La vision de la Politique genre du G5 Sahel adopt\u00e9e \u00e0 l\u2019issue des travaux est la suivante\u00a0: \u00ab\u00a0<strong><em>Un espace G5 Sahel o\u00f9<\/em>\u00a0l<em>es femmes et les \u00a0filles sont prot\u00e9g\u00e9es et sont autonomes et participent sur un pied d\u2019\u00e9galit\u00e9 avec les hommes \u00e0 toutes les prises de d\u00e9cisions tout en b\u00e9n\u00e9ficiant \u00e9quitablement des retomb\u00e9es des interventions en mati\u00e8re de s\u00e9curit\u00e9 et de d\u00e9veloppement\u00a0\u00bb.<\/em><\/strong><\/p>\n<p>S\u2019agissant des axes programmatiques, les participants ont jug\u00e9 primordial de faire correspondre les axes programmatiques de la politique aux domaines d\u2019intervention du G5 Sahel pour plus de coh\u00e9rence et d\u2019efficacit\u00e9. Les cinq axes programmatiques retenus sont\u00a0: D\u00e9fense et s\u00e9curit\u00e9, Gouvernance, Infrastructures, R\u00e9silience, d\u00e9veloppement humain et actions humanitaires, Volet Institutionnel.<\/p>\n<p>A la suite de l\u2019identification des priorit\u00e9s strat\u00e9giques, les r\u00e9flexions ont port\u00e9 sur les types de cadre pouvant conduire la mise en \u0153uvre de cette politique, ainsi que sur les recommandations dont le respect conditionne la r\u00e9ussite de la politique genre du G5 Sahel.<\/p>\n<p>Aussi, \u00e0 la suite des \u00e9changes, les participants ont \u00a0propos\u00e9 qu\u2019il soit mis en place un Comit\u00e9 technique et un Comit\u00e9 de pilotage charg\u00e9 de coordonner et assurer le suivi de la mise \u00a0en \u0153uvre la Politique genre du G5 Sahel.<\/p>\n<figure class=\"wp-block-image size-large is-resized\"><img loading=\"lazy\" decoding=\"async\" class=\"wp-image-8721\" src=\"https:\/\/www.g5sahel.org\/wp-content\/uploads\/2022\/08\/20220804_114002-1024x768.jpg\" sizes=\"auto, (max-width: 319px) 100vw, 319px\" srcset=\"https:\/\/www.g5sahel.org\/wp-content\/uploads\/2022\/08\/20220804_114002-1024x768.jpg 1024w, https:\/\/www.g5sahel.org\/wp-content\/uploads\/2022\/08\/20220804_114002-300x225.jpg 300w, https:\/\/www.g5sahel.org\/wp-content\/uploads\/2022\/08\/20220804_114002-768x576.jpg 768w, https:\/\/www.g5sahel.org\/wp-content\/uploads\/2022\/08\/20220804_114002-1536x1152.jpg 1536w, https:\/\/www.g5sahel.org\/wp-content\/uploads\/2022\/08\/20220804_114002-2048x1536.jpg 2048w, https:\/\/www.g5sahel.org\/wp-content\/uploads\/2022\/08\/20220804_114002-1920x1440.jpg 1920w, https:\/\/www.g5sahel.org\/wp-content\/uploads\/2022\/08\/20220804_114002-1170x878.jpg 1170w, https:\/\/www.g5sahel.org\/wp-content\/uploads\/2022\/08\/20220804_114002-585x439.jpg 585w\" alt=\"\" width=\"319\" height=\"239\" \/><\/figure>\n<p>En vue de r\u00e9ussir la mise en \u0153uvre de cette politique, les participants \u00e0 l\u2019atelier d\u2019op\u00e9rationnalisation recommandent au Secr\u00e9tariat ex\u00e9cutif du\u00a0<strong>G5 Sahel<\/strong>\u00a0ce qui suit\u00a0:<\/p>\n<p>Un engagement r\u00e9solu du Secr\u00e9tariat pour la mise en \u0153uvre de la Politique genre, le renforcement des capacit\u00e9s du personnel du\u00a0<strong>G5 Sahel<\/strong>\u00a0sur l\u2019int\u00e9gration syst\u00e9matique du genre dans les projets et programmes, la mise en place de m\u00e9canismes de recevabilit\u00e9 en vue de l\u2019institutionnalisation du genre et la mise en \u0153uvre de la politique par les diff\u00e9rents services du G5 Sahel et un rapportage r\u00e9gulier sur l\u2019\u00e9tat de mise en \u0153uvre de la politique, le renforcement du partenariat avec les acteurs travaillant sur les m\u00eames th\u00e8mes que le\u00a0<strong>G5 Sahel<\/strong>\u00a0sur les questions de genre dans la r\u00e9gion, l\u2019adoption et la mise en \u0153uvre d\u2019une strat\u00e9gie de communication pour la vulgarisation\u00a0de la politique et son appropriation par les diff\u00e9rents acteurs .<\/p>\n<p>Par ailleurs, l\u2019accent est mis sur l\u2019atteinte rapide de r\u00e9sultats en terme \u00a0de repr\u00e9sentation et\u00a0 de participation des femmes dans les organes et instances du G5 Sahel, la construction d\u2019un partenariat agissant avec tous les partenaires techniques et financiers et la mobilisation des ressources n\u00e9cessaires \u00e0 sa mise en \u0153uvre. Il a \u00e9t\u00e9 recommand\u00e9 la cr\u00e9ation d\u2019une plateforme mutualisant les actions des observatoires genre des pays du G5 Sahel \u00e0 des fins de suivi des indicateurs de genre au niveau r\u00e9gional<\/p>\n<p>La finalisation de cette politique n\u00e9cessite la poursuite des concertations et des \u00e9changes entre l\u2019ensemble des d\u00e9partements du SE du G5 sahel, d\u2019une part, et l\u2019appropriation par les pays membres, d\u2019autre part. A cette fin, une feuille \u00a0de route a \u00e9t\u00e9 \u00e9labor\u00e9e en vue de finaliser la politique.<\/p>\n<p>Dans son mot au cours de la s\u00e9ance de restitution, l\u2019Ambassadeur Eric Yemdaogo TIARE, Secr\u00e9taire ex\u00e9cutif du G5 Sahel\u00a0 a f\u00e9licit\u00e9 les participants pour la qualit\u00e9 de leur travail et la pertinence des recommandations faites. Il les a assur\u00e9s de son engagement pour porter leur message en vue d\u2019une forte implication des Etats, non seulement pour la validation, mais aussi et surtout la mise en \u0153uvre. Il a remerci\u00e9 les partenaires techniques dont \u2019ONU Femmes\u00a0et la Coop\u00e9ration Autrichienne pour leur contribution \u00e0 l\u2019organisation de l\u2019atelier.<\/p>\n<p>Pour\u00a0Marie Jos\u00e9\u00a0 Kandanga, repr\u00e9sentante\u00a0 d\u2019ONU Femmes,\u00a0 il urge d\u2019associer les femmes aux efforts de paix, de s\u00e9curit\u00e9 et de d\u00e9veloppement.<\/p>\n<figure class=\"wp-block-image size-large is-resized\"><img loading=\"lazy\" decoding=\"async\" class=\"wp-image-8722\" src=\"https:\/\/www.g5sahel.org\/wp-content\/uploads\/2022\/08\/20220804_114021-1024x768.jpg\" sizes=\"auto, (max-width: 444px) 100vw, 444px\" srcset=\"https:\/\/www.g5sahel.org\/wp-content\/uploads\/2022\/08\/20220804_114021-1024x768.jpg 1024w, https:\/\/www.g5sahel.org\/wp-content\/uploads\/2022\/08\/20220804_114021-300x225.jpg 300w, https:\/\/www.g5sahel.org\/wp-content\/uploads\/2022\/08\/20220804_114021-768x576.jpg 768w, https:\/\/www.g5sahel.org\/wp-content\/uploads\/2022\/08\/20220804_114021-1536x1152.jpg 1536w, https:\/\/www.g5sahel.org\/wp-content\/uploads\/2022\/08\/20220804_114021-2048x1536.jpg 2048w, https:\/\/www.g5sahel.org\/wp-content\/uploads\/2022\/08\/20220804_114021-1920x1440.jpg 1920w, https:\/\/www.g5sahel.org\/wp-content\/uploads\/2022\/08\/20220804_114021-1170x878.jpg 1170w, https:\/\/www.g5sahel.org\/wp-content\/uploads\/2022\/08\/20220804_114021-585x439.jpg 585w\" alt=\"\" width=\"444\" height=\"333\" \/><\/figure>\n<p>En somme, la rencontre a permis de r\u00e9fl\u00e9chir sur les voies et moyens qui peuvent garantir l\u2019op\u00e9rationnalisation de la Politique genre du G5 Sahel.<\/p>\n<p>source: https:\/\/www.g5sahel.org\/<\/p>\n","protected":false},"excerpt":{"rendered":"<p>Au terme de trois jours de travaux, l\u2019atelier de concertation sur l\u2019op\u00e9rationnalisation\u00a0de la Politique genre du G5 Sahel dans les organes et structures de l\u2019institution \u00a0a pris fin \u00e0 Nouakchott. Les principales conclusions\u00a0 ont \u00e9t\u00e9 restitu\u00e9es au Secr\u00e9taire ex\u00e9cutif du G5 Sahel\u00a0entour\u00e9 de son staff. Ainsi analysant le contenu du projet de Politique genre du &hellip;<\/p>\n","protected":false},"author":2,"featured_media":1431,"comment_status":"open","ping_status":"open","sticky":false,"template":"","format":"standard","meta":{"footnotes":""},"categories":[18,28],"tags":[],"class_list":["post-1430","post","type-post","status-publish","format-standard","has-post-thumbnail","hentry","category-actualites","category-sahel"],"_links":{"self":[{"href":"https:\/\/ladepeche.mr\/index.php?rest_route=\/wp\/v2\/posts\/1430","targetHints":{"allow":["GET"]}}],"collection":[{"href":"https:\/\/ladepeche.mr\/index.php?rest_route=\/wp\/v2\/posts"}],"about":[{"href":"https:\/\/ladepeche.mr\/index.php?rest_route=\/wp\/v2\/types\/post"}],"author":[{"embeddable":true,"href":"https:\/\/ladepeche.mr\/index.php?rest_route=\/wp\/v2\/users\/2"}],"replies":[{"embeddable":true,"href":"https:\/\/ladepeche.mr\/index.php?rest_route=%2Fwp%2Fv2%2Fcomments&post=1430"}],"version-history":[{"count":1,"href":"https:\/\/ladepeche.mr\/index.php?rest_route=\/wp\/v2\/posts\/1430\/revisions"}],"predecessor-version":[{"id":1432,"href":"https:\/\/ladepeche.mr\/index.php?rest_route=\/wp\/v2\/posts\/1430\/revisions\/1432"}],"wp:featuredmedia":[{"embeddable":true,"href":"https:\/\/ladepeche.mr\/index.php?rest_route=\/wp\/v2\/media\/1431"}],"wp:attachment":[{"href":"https:\/\/ladepeche.mr\/index.php?rest_route=%2Fwp%2Fv2%2Fmedia&parent=1430"}],"wp:term":[{"taxonomy":"category","embeddable":true,"href":"https:\/\/ladepeche.mr\/index.php?rest_route=%2Fwp%2Fv2%2Fcategories&post=1430"},{"taxonomy":"post_tag","embeddable":true,"href":"https:\/\/ladepeche.mr\/index.php?rest_route=%2Fwp%2Fv2%2Ftags&post=1430"}],"curies":[{"name":"wp","href":"https:\/\/api.w.org\/{rel}","templated":true}]}}