{"id":14305,"date":"2025-02-22T09:00:04","date_gmt":"2025-02-22T09:00:04","guid":{"rendered":"https:\/\/ladepeche.mr\/?p=14305"},"modified":"2025-02-21T23:32:33","modified_gmt":"2025-02-21T23:32:33","slug":"sante-confiscation-a-nouadhibou-dune-quantite-de-medicaments-perimes","status":"publish","type":"post","link":"https:\/\/ladepeche.mr\/?p=14305","title":{"rendered":"Sant\u00e9- Confiscation \u00e0 Nouadhibou d\u2019une quantit\u00e9 de m\u00e9dicaments p\u00e9rim\u00e9s"},"content":{"rendered":"<p>Les autorit\u00e9s sanitaires ont confisqu\u00e9 une importante quantit\u00e9 de m\u00e9dicaments p\u00e9rim\u00e9s en circulation dans notre capitale \u00e9conomique, Nouadhibou.<\/p>\n<p>Ces produits dangereux pour la sant\u00e9 avaient \u00e9t\u00e9 transport\u00e9s par bus avant d\u2019\u00eatre saisis par les autorit\u00e9s sanitaires qui devraient les d\u00e9truire alors que plusieurs personnes arr\u00eat\u00e9es dans le cadre de cette affaire ont \u00e9t\u00e9 remis aux mains des autorit\u00e9s judiciaires dans la r\u00e9gion.<\/p>\n<p>Les m\u00e9dicaments p\u00e9rim\u00e9s confisqu\u00e9s se composeraient de 1 582 sachets, contenant une vari\u00e9t\u00e9 d\u2019articles dont des antibiotiques, des analg\u00e9siques, des antispasmodiques, des compl\u00e9ments alimentaires, des anti-inflammatoires et des m\u00e9dicaments pour traiter des maladies chroniques telles que le diab\u00e8te et l\u2019hypertension art\u00e9rielle.<\/p>\n<p>La saisie et la confiscation de ces produits frelat\u00e9s ont \u00e9t\u00e9 rendues possibles gr\u00e2ce \u00e0 une \u00e9troite collaboration entre les services douaniers et le minist\u00e8re de la sant\u00e9 dans une op\u00e9ration conjointe visant \u00ab\u00a0\u00e0 prot\u00e9ger la sant\u00e9 publique, contr\u00f4ler l\u2019itin\u00e9raire des m\u00e9dicaments et prot\u00e9ger les citoyens contre les m\u00e9dicaments d\u00e9ficients, falsifi\u00e9s ou p\u00e9rim\u00e9s\u00a0\u00bb rassure le minist\u00e8re de la sant\u00e9 dans une publication sur le sujet.<\/p>\n","protected":false},"excerpt":{"rendered":"<p>Les autorit\u00e9s sanitaires ont confisqu\u00e9 une importante quantit\u00e9 de m\u00e9dicaments p\u00e9rim\u00e9s en circulation dans notre capitale \u00e9conomique, Nouadhibou. Ces produits dangereux pour la sant\u00e9 avaient \u00e9t\u00e9 transport\u00e9s par bus avant d\u2019\u00eatre saisis par les autorit\u00e9s sanitaires qui devraient les d\u00e9truire alors que plusieurs personnes arr\u00eat\u00e9es dans le cadre de cette affaire ont \u00e9t\u00e9 remis aux &hellip;<\/p>\n","protected":false},"author":2,"featured_media":14306,"comment_status":"open","ping_status":"open","sticky":false,"template":"","format":"standard","meta":{"footnotes":""},"categories":[18,27],"tags":[],"class_list":["post-14305","post","type-post","status-publish","format-standard","has-post-thumbnail","hentry","category-actualites","category-sante"],"_links":{"self":[{"href":"https:\/\/ladepeche.mr\/index.php?rest_route=\/wp\/v2\/posts\/14305","targetHints":{"allow":["GET"]}}],"collection":[{"href":"https:\/\/ladepeche.mr\/index.php?rest_route=\/wp\/v2\/posts"}],"about":[{"href":"https:\/\/ladepeche.mr\/index.php?rest_route=\/wp\/v2\/types\/post"}],"author":[{"embeddable":true,"href":"https:\/\/ladepeche.mr\/index.php?rest_route=\/wp\/v2\/users\/2"}],"replies":[{"embeddable":true,"href":"https:\/\/ladepeche.mr\/index.php?rest_route=%2Fwp%2Fv2%2Fcomments&post=14305"}],"version-history":[{"count":1,"href":"https:\/\/ladepeche.mr\/index.php?rest_route=\/wp\/v2\/posts\/14305\/revisions"}],"predecessor-version":[{"id":14307,"href":"https:\/\/ladepeche.mr\/index.php?rest_route=\/wp\/v2\/posts\/14305\/revisions\/14307"}],"wp:featuredmedia":[{"embeddable":true,"href":"https:\/\/ladepeche.mr\/index.php?rest_route=\/wp\/v2\/media\/14306"}],"wp:attachment":[{"href":"https:\/\/ladepeche.mr\/index.php?rest_route=%2Fwp%2Fv2%2Fmedia&parent=14305"}],"wp:term":[{"taxonomy":"category","embeddable":true,"href":"https:\/\/ladepeche.mr\/index.php?rest_route=%2Fwp%2Fv2%2Fcategories&post=14305"},{"taxonomy":"post_tag","embeddable":true,"href":"https:\/\/ladepeche.mr\/index.php?rest_route=%2Fwp%2Fv2%2Ftags&post=14305"}],"curies":[{"name":"wp","href":"https:\/\/api.w.org\/{rel}","templated":true}]}}