{"id":14308,"date":"2025-02-22T10:00:05","date_gmt":"2025-02-22T10:00:05","guid":{"rendered":"https:\/\/ladepeche.mr\/?p=14308"},"modified":"2025-02-22T01:16:52","modified_gmt":"2025-02-22T01:16:52","slug":"un-mois-apres-son-retour-limpact-des-choix-de-trump-sur-lafrique","status":"publish","type":"post","link":"https:\/\/ladepeche.mr\/?p=14308","title":{"rendered":"Un mois apr\u00e8s son retour : l&#8217;impact des choix de Trump sur l&#8217;Afrique"},"content":{"rendered":"<p data-t=\"{&quot;n&quot;:&quot;blueLinks&quot;}\"><strong>Un mois apr\u00e8s son retour \u00e0 la Maison Blanche, le pr\u00e9sident am\u00e9ricain Donald Trump a d\u00e9j\u00e0 pris des d\u00e9cisions qui secouent la sc\u00e8ne internationale, et l&#8217;Afrique en ressent les retomb\u00e9es.<\/strong><\/p>\n<div class=\"article-image-slot image-slot-placeholder\" data-doc-id=\"cms\/api\/amp\/image\/AA1zwLdH\">\n<div class=\"article-image-slot\">\n<div class=\"article-image-container polished\" data-t=\"{&quot;n&quot;:&quot;OpenModal&quot;,&quot;t&quot;:13,&quot;b&quot;:8,&quot;c.i&quot;:&quot;AA1zwHap&quot;,&quot;c.l&quot;:false,&quot;c.t&quot;:13,&quot;c.v&quot;:&quot;news&quot;,&quot;c.c&quot;:&quot;others&quot;,&quot;c.b&quot;:&quot;Euronews fran\u00e7ais&quot;,&quot;c.bi&quot;:&quot;AA2qy7x&quot;,&quot;c.tv&quot;:&quot;politics&quot;,&quot;c.tc&quot;:&quot;government&quot;,&quot;c.hl&quot;:&quot;Un mois apr\u00e8s son retour : l'impact des choix de Trump sur l'Afrique&quot;}\" data-test-id=\"AA1zwLdH\">\n<p data-t=\"{&quot;n&quot;:&quot;blueLinks&quot;}\"><strong>Un mois apr\u00e8s son retour \u00e0 la Maison Blanche, le pr\u00e9sident am\u00e9ricain Donald Trump a d\u00e9j\u00e0 pris des d\u00e9cisions qui secouent la sc\u00e8ne internationale, et l&#8217;Afrique en ressent les retomb\u00e9es.<\/strong><\/p>\n<p data-t=\"{&quot;n&quot;:&quot;blueLinks&quot;}\">La premi\u00e8re cons\u00e9quence directe de son retour au pouvoir : le retrait du financement de l\u2019USAID. L\u2019agence am\u00e9ricaine soutenait des programmes de sant\u00e9 publique essentiels, notamment dans la lutte contre le VIH et l\u2019\u00e9pid\u00e9mie de mpox, qui touche actuellement la R\u00e9publique D\u00e9mocratique du Congo et ses voisins.<\/p>\n<p data-t=\"{&quot;n&quot;:&quot;blueLinks&quot;}\">Le pr\u00e9sident zambien, Hakainde Hichilema, souligne que cette d\u00e9cision met en lumi\u00e8re la n\u00e9cessit\u00e9 pour les nations africaines de renforcer leur capacit\u00e9 \u00e0 mobiliser et \u00e0 g\u00e9rer efficacement leurs ressources locales, en r\u00e9ponse aux d\u00e9fis pos\u00e9s par la r\u00e9duction de l\u2019aide ext\u00e9rieure.<\/p>\n<p class=\"continue-read-break\" data-t=\"{&quot;n&quot;:&quot;blueLinks&quot;}\">Une autre mesure controvers\u00e9e de l\u2019administration Trump : l\u2019introduction de nouveaux tarifs douaniers, mena\u00e7ant de perturber les \u00e9conomies africaines. Des pays comme le Kenya et l\u2019Afrique du Sud, dont les exportations vers les \u00c9tats-Unis sont cruciales, pourraient voir leur comp\u00e9titivit\u00e9 sur les march\u00e9s mondiaux diminuer.<\/p>\n<p data-t=\"{&quot;n&quot;:&quot;blueLinks&quot;}\">Enfin, la r\u00e9duction partielle de l\u2019implication des \u00c9tats-Unis dans la lutte contre le terrorisme, notamment contre des groupes comme Boko Haram et Al-Shabaab, pourrait affaiblir les efforts r\u00e9gionaux pour contrer ces menaces s\u00e9curitaires croissantes.<\/p>\n<p data-t=\"{&quot;n&quot;:&quot;blueLinks&quot;}\"><a href=\"https:\/\/www.msn.com\/fr-xl\/actualite\/other\/un-mois-apr%C3%A8s-son-retour-l-impact-des-choix-de-trump-sur-l-afrique\/ar-AA1zwHap?ocid=msedgdhp&amp;pc=U531&amp;cvid=bf95aa8518d742b1a7f8500a736f942c&amp;ei=35\">Un mois apr\u00e8s son retour : l&#8217;impact des choix de Trump sur l&#8217;Afrique<\/a><\/p>\n<\/div>\n<\/div>\n<\/div>\n","protected":false},"excerpt":{"rendered":"<p>Un mois apr\u00e8s son retour \u00e0 la Maison Blanche, le pr\u00e9sident am\u00e9ricain Donald Trump a d\u00e9j\u00e0 pris des d\u00e9cisions qui secouent la sc\u00e8ne internationale, et l&#8217;Afrique en ressent les retomb\u00e9es. Un mois apr\u00e8s son retour \u00e0 la Maison Blanche, le pr\u00e9sident am\u00e9ricain Donald Trump a d\u00e9j\u00e0 pris des d\u00e9cisions qui secouent la sc\u00e8ne internationale, et &hellip;<\/p>\n","protected":false},"author":2,"featured_media":14309,"comment_status":"open","ping_status":"open","sticky":false,"template":"","format":"standard","meta":{"footnotes":""},"categories":[18,29],"tags":[],"class_list":["post-14308","post","type-post","status-publish","format-standard","has-post-thumbnail","hentry","category-actualites","category-monde"],"_links":{"self":[{"href":"https:\/\/ladepeche.mr\/index.php?rest_route=\/wp\/v2\/posts\/14308","targetHints":{"allow":["GET"]}}],"collection":[{"href":"https:\/\/ladepeche.mr\/index.php?rest_route=\/wp\/v2\/posts"}],"about":[{"href":"https:\/\/ladepeche.mr\/index.php?rest_route=\/wp\/v2\/types\/post"}],"author":[{"embeddable":true,"href":"https:\/\/ladepeche.mr\/index.php?rest_route=\/wp\/v2\/users\/2"}],"replies":[{"embeddable":true,"href":"https:\/\/ladepeche.mr\/index.php?rest_route=%2Fwp%2Fv2%2Fcomments&post=14308"}],"version-history":[{"count":1,"href":"https:\/\/ladepeche.mr\/index.php?rest_route=\/wp\/v2\/posts\/14308\/revisions"}],"predecessor-version":[{"id":14310,"href":"https:\/\/ladepeche.mr\/index.php?rest_route=\/wp\/v2\/posts\/14308\/revisions\/14310"}],"wp:featuredmedia":[{"embeddable":true,"href":"https:\/\/ladepeche.mr\/index.php?rest_route=\/wp\/v2\/media\/14309"}],"wp:attachment":[{"href":"https:\/\/ladepeche.mr\/index.php?rest_route=%2Fwp%2Fv2%2Fmedia&parent=14308"}],"wp:term":[{"taxonomy":"category","embeddable":true,"href":"https:\/\/ladepeche.mr\/index.php?rest_route=%2Fwp%2Fv2%2Fcategories&post=14308"},{"taxonomy":"post_tag","embeddable":true,"href":"https:\/\/ladepeche.mr\/index.php?rest_route=%2Fwp%2Fv2%2Ftags&post=14308"}],"curies":[{"name":"wp","href":"https:\/\/api.w.org\/{rel}","templated":true}]}}