{"id":14311,"date":"2025-02-22T22:03:55","date_gmt":"2025-02-22T22:03:55","guid":{"rendered":"https:\/\/ladepeche.mr\/?p=14311"},"modified":"2025-02-22T22:05:08","modified_gmt":"2025-02-22T22:05:08","slug":"le-president-des-canaries-demande-a-leurope-une-plus-grande-cooperation-avec-la-mauritanie-en-matiere-de-migration","status":"publish","type":"post","link":"https:\/\/ladepeche.mr\/?p=14311","title":{"rendered":"Le pr\u00e9sident des Canaries demande \u00e0 l&#8217;Europe une plus grande coop\u00e9ration avec la Mauritanie en mati\u00e8re de migration"},"content":{"rendered":"<p>Le pr\u00e9sident du gouvernement des Canaries, Fernando Clavijo, a demand\u00e9 \u00e0 l&#8217;Union europ\u00e9enne de collaborer davantage avec la Mauritanie pour faire face \u00e0 la crise migratoire et coop\u00e9rer dans la lutte contre les mafias de trafiquants d&#8217;\u00eatres humains.<\/p>\n<p>Clavijo, en visite officielle en Mauritanie, la troisi\u00e8me d&#8217;un pr\u00e9sident canarien dans ce pays,\u00a0a \u00e9t\u00e9 re\u00e7u par le pr\u00e9sident Mohamed Ahmed Ould, \u00e0 qui il a exprim\u00e9 sa gratitude pour sa coop\u00e9ration dans la lutte contre les mafias et la surveillance des c\u00f4tes.<\/p>\n<p>Depuis la capitale mauritanienne, Nouakchott, le pr\u00e9sident des Canaries a appel\u00e9 l&#8217;Union europ\u00e9enne \u00e0 approfondir ses politiques de d\u00e9veloppement et de coop\u00e9ration avec la Mauritanie en mati\u00e8re de migration.\u00a0Clavijo a soulign\u00e9 la n\u00e9cessit\u00e9 pour l&#8217;UE de s&#8217;impliquer davantage dans la zone g\u00e9ographique du Sahel, d&#8217;o\u00f9 la mission europ\u00e9enne de maintien de la paix s&#8217;est retir\u00e9e en mai 2024 et dont les conflits sont l&#8217;un des facteurs qui poussent les migrants \u00e0 se rendre en masse sur les c\u00f4tes des Canaries.<\/p>\n<p>Lire la suite sur <a href=\"https:\/\/www.atalayar.com\/fr\/articulo\/politique\/president-des-canaries-demande-leurope-une-plus-grande-cooperation-avec-mauritanie-matiere-migration\/20250222070120211579.html\">Le pr\u00e9sident des Canaries demande \u00e0 l&#8217;Europe une plus grande coop\u00e9ration avec la Mauritanie en mati\u00e8re de migration<\/a><\/p>\n","protected":false},"excerpt":{"rendered":"<p>Le pr\u00e9sident du gouvernement des Canaries, Fernando Clavijo, a demand\u00e9 \u00e0 l&#8217;Union europ\u00e9enne de collaborer davantage avec la Mauritanie pour faire face \u00e0 la crise migratoire et coop\u00e9rer dans la lutte contre les mafias de trafiquants d&#8217;\u00eatres humains. Clavijo, en visite officielle en Mauritanie, la troisi\u00e8me d&#8217;un pr\u00e9sident canarien dans ce pays,\u00a0a \u00e9t\u00e9 re\u00e7u par &hellip;<\/p>\n","protected":false},"author":2,"featured_media":14312,"comment_status":"open","ping_status":"open","sticky":false,"template":"","format":"standard","meta":{"footnotes":""},"categories":[18,29],"tags":[],"class_list":["post-14311","post","type-post","status-publish","format-standard","has-post-thumbnail","hentry","category-actualites","category-monde"],"_links":{"self":[{"href":"https:\/\/ladepeche.mr\/index.php?rest_route=\/wp\/v2\/posts\/14311","targetHints":{"allow":["GET"]}}],"collection":[{"href":"https:\/\/ladepeche.mr\/index.php?rest_route=\/wp\/v2\/posts"}],"about":[{"href":"https:\/\/ladepeche.mr\/index.php?rest_route=\/wp\/v2\/types\/post"}],"author":[{"embeddable":true,"href":"https:\/\/ladepeche.mr\/index.php?rest_route=\/wp\/v2\/users\/2"}],"replies":[{"embeddable":true,"href":"https:\/\/ladepeche.mr\/index.php?rest_route=%2Fwp%2Fv2%2Fcomments&post=14311"}],"version-history":[{"count":3,"href":"https:\/\/ladepeche.mr\/index.php?rest_route=\/wp\/v2\/posts\/14311\/revisions"}],"predecessor-version":[{"id":14315,"href":"https:\/\/ladepeche.mr\/index.php?rest_route=\/wp\/v2\/posts\/14311\/revisions\/14315"}],"wp:featuredmedia":[{"embeddable":true,"href":"https:\/\/ladepeche.mr\/index.php?rest_route=\/wp\/v2\/media\/14312"}],"wp:attachment":[{"href":"https:\/\/ladepeche.mr\/index.php?rest_route=%2Fwp%2Fv2%2Fmedia&parent=14311"}],"wp:term":[{"taxonomy":"category","embeddable":true,"href":"https:\/\/ladepeche.mr\/index.php?rest_route=%2Fwp%2Fv2%2Fcategories&post=14311"},{"taxonomy":"post_tag","embeddable":true,"href":"https:\/\/ladepeche.mr\/index.php?rest_route=%2Fwp%2Fv2%2Ftags&post=14311"}],"curies":[{"name":"wp","href":"https:\/\/api.w.org\/{rel}","templated":true}]}}